{"id":5699,"date":"2024-04-26T11:47:06","date_gmt":"2024-04-26T16:47:06","guid":{"rendered":"https:\/\/cartagenaaldia.com\/?p=5699"},"modified":"2024-04-26T11:48:31","modified_gmt":"2024-04-26T16:48:31","slug":"universidad-de-cartagena-se-renueva-por-segunda-vez-en-alta-calidad","status":"publish","type":"post","link":"https:\/\/cartagenaaldia.com\/index.php\/2024\/04\/26\/universidad-de-cartagena-se-renueva-por-segunda-vez-en-alta-calidad\/","title":{"rendered":"Universidad de Cartagena se renueva por segunda vez en Alta Calidad"},"content":{"rendered":"\n<p><strong>Sala redacci\u00f3n. \u2013 <\/strong>En ceremonia especial realizada en el Palacio de la Proclamaci\u00f3n la Universidad de Cartagena celebr\u00f3 su nueva acreditaci\u00f3n el Alta Calidad con la que garantiza los procesos administrativos, financieros y de investigaci\u00f3n a trav\u00e9s de la resoluci\u00f3n 003095del 18 de marzo de 2024entregada por el Ministerio de Educaci\u00f3n Nacional.<\/p>\n\n\n\n<p>Para su rector William Malk\u00fan esta acreditaci\u00f3n significa \u201cque hemos puesto a prueba todos nuestros est\u00e1ndares de calidad y que a ojos de terceros externos de la instituci\u00f3n, la Universidad tiene un compromiso fuerte con esa cultura de la calidad y que sus procesos est\u00e1n llevados en buena forma\u201d<\/p>\n\n\n\n<p>De igual manera con esta acreditaci\u00f3n, el ministerio de Educaci\u00f3n reconoce que la instituci\u00f3n de educaci\u00f3n superior vine realizando y trabaja con miras al fortalecimiento \u00f3ptimo de calidad relacionado con la formaci\u00f3n integral de sus profesionales y la comunidad acad\u00e9mica, mediante procesos de creaci\u00f3n, desarrollo y transmisi\u00f3n de conocimiento.<\/p>\n\n\n\n<figure class=\"wp-block-embed is-type-video is-provider-youtube wp-block-embed-youtube wp-embed-aspect-16-9 wp-has-aspect-ratio\"><div class=\"wp-block-embed__wrapper\">\n<iframe title=\"Universidad de Cartagena se renueva por segunda vez en alta calidad\" width=\"500\" height=\"281\" src=\"https:\/\/www.youtube.com\/embed\/gVHt8O2p51s?feature=oembed\" frameborder=\"0\" allow=\"accelerometer; autoplay; clipboard-write; encrypted-media; gyroscope; picture-in-picture; web-share\" referrerpolicy=\"strict-origin-when-cross-origin\" allowfullscreen><\/iframe>\n<\/div><\/figure>\n","protected":false},"excerpt":{"rendered":"<p>Como parte de su funci\u00f3n social la Universidad de Cartagena consigue su segunda acreditaci\u00f3n en Alta Calidad por parte del Mineducaci\u00f3n con la que garantiza la calidad de su formaci\u00f3n y procesos.<\/p>\n","protected":false},"author":2,"featured_media":5700,"comment_status":"closed","ping_status":"closed","sticky":false,"template":"","format":"standard","meta":{"om_disable_all_campaigns":false,"_monsterinsights_skip_tracking":false,"_monsterinsights_sitenote_active":false,"_monsterinsights_sitenote_note":"","_monsterinsights_sitenote_category":0,"footnotes":""},"categories":[110,115,112,102],"tags":[241],"class_list":["post-5699","post","type-post","status-publish","format-standard","has-post-thumbnail","hentry","category-bolivar","category-colombia","category-educacion","category-generales","tag-universidad-de-cartagena"],"_links":{"self":[{"href":"https:\/\/cartagenaaldia.com\/index.php\/wp-json\/wp\/v2\/posts\/5699","targetHints":{"allow":["GET"]}}],"collection":[{"href":"https:\/\/cartagenaaldia.com\/index.php\/wp-json\/wp\/v2\/posts"}],"about":[{"href":"https:\/\/cartagenaaldia.com\/index.php\/wp-json\/wp\/v2\/types\/post"}],"author":[{"embeddable":true,"href":"https:\/\/cartagenaaldia.com\/index.php\/wp-json\/wp\/v2\/users\/2"}],"replies":[{"embeddable":true,"href":"https:\/\/cartagenaaldia.com\/index.php\/wp-json\/wp\/v2\/comments?post=5699"}],"version-history":[{"count":2,"href":"https:\/\/cartagenaaldia.com\/index.php\/wp-json\/wp\/v2\/posts\/5699\/revisions"}],"predecessor-version":[{"id":5703,"href":"https:\/\/cartagenaaldia.com\/index.php\/wp-json\/wp\/v2\/posts\/5699\/revisions\/5703"}],"wp:featuredmedia":[{"embeddable":true,"href":"https:\/\/cartagenaaldia.com\/index.php\/wp-json\/wp\/v2\/media\/5700"}],"wp:attachment":[{"href":"https:\/\/cartagenaaldia.com\/index.php\/wp-json\/wp\/v2\/media?parent=5699"}],"wp:term":[{"taxonomy":"category","embeddable":true,"href":"https:\/\/cartagenaaldia.com\/index.php\/wp-json\/wp\/v2\/categories?post=5699"},{"taxonomy":"post_tag","embeddable":true,"href":"https:\/\/cartagenaaldia.com\/index.php\/wp-json\/wp\/v2\/tags?post=5699"}],"curies":[{"name":"wp","href":"https:\/\/api.w.org\/{rel}","templated":true}]}}