{"id":5695,"date":"2024-04-25T23:53:26","date_gmt":"2024-04-26T04:53:26","guid":{"rendered":"https:\/\/cartagenaaldia.com\/?p=5695"},"modified":"2024-04-25T23:53:26","modified_gmt":"2024-04-26T04:53:26","slug":"bolivar-sera-sede-del-mundial-u15-de-beisbol","status":"publish","type":"post","link":"https:\/\/cartagenaaldia.com\/index.php\/2024\/04\/25\/bolivar-sera-sede-del-mundial-u15-de-beisbol\/","title":{"rendered":"Bol\u00edvar ser\u00e1 sede del Mundial U15 de B\u00e9isbol"},"content":{"rendered":"\n<p>Tras reuni\u00f3n del Gobernador de Bol\u00edvar Yamil Arana, Giovanni Pantaleoni delegado de la Organizaci\u00f3n Mundial de B\u00e9isbol y Gerente IDERBOL Ariel Zambrano se logra que Cartagena y Turbaco sean sede del Mundial U15 de B\u00e9isbol. <\/p>\n\n\n\n<p>Los amantes a la pelota caliente podr\u00e1n disfrutar del Mundial en los estadios Abel Leal Diaz 11 de Noviembre y Rafael Naar; adem\u00e1s,  de Edgar Renter\u00eda de Barranquilla evento que reunir\u00e1 12 selectivos nacionales de la categor\u00eda en el mes de agosto.<\/p>\n","protected":false},"excerpt":{"rendered":"<p>En agosto Cartagena, Turbaco y Barranquilla ser\u00e1n sede del Mundial U15 de B\u00e9isbol avalado por la Organizaci\u00f3n Mundial de B\u00e9isbol. <\/p>\n","protected":false},"author":2,"featured_media":5696,"comment_status":"closed","ping_status":"closed","sticky":false,"template":"","format":"standard","meta":{"om_disable_all_campaigns":false,"_monsterinsights_skip_tracking":false,"_monsterinsights_sitenote_active":false,"_monsterinsights_sitenote_note":"","_monsterinsights_sitenote_category":0,"footnotes":""},"categories":[110,106,102],"tags":[259,136,171],"class_list":["post-5695","post","type-post","status-publish","format-standard","has-post-thumbnail","hentry","category-bolivar","category-deporte","category-generales","tag-gobernacion-de-bolivar","tag-iderbol","tag-wbsc"],"_links":{"self":[{"href":"https:\/\/cartagenaaldia.com\/index.php\/wp-json\/wp\/v2\/posts\/5695","targetHints":{"allow":["GET"]}}],"collection":[{"href":"https:\/\/cartagenaaldia.com\/index.php\/wp-json\/wp\/v2\/posts"}],"about":[{"href":"https:\/\/cartagenaaldia.com\/index.php\/wp-json\/wp\/v2\/types\/post"}],"author":[{"embeddable":true,"href":"https:\/\/cartagenaaldia.com\/index.php\/wp-json\/wp\/v2\/users\/2"}],"replies":[{"embeddable":true,"href":"https:\/\/cartagenaaldia.com\/index.php\/wp-json\/wp\/v2\/comments?post=5695"}],"version-history":[{"count":1,"href":"https:\/\/cartagenaaldia.com\/index.php\/wp-json\/wp\/v2\/posts\/5695\/revisions"}],"predecessor-version":[{"id":5697,"href":"https:\/\/cartagenaaldia.com\/index.php\/wp-json\/wp\/v2\/posts\/5695\/revisions\/5697"}],"wp:featuredmedia":[{"embeddable":true,"href":"https:\/\/cartagenaaldia.com\/index.php\/wp-json\/wp\/v2\/media\/5696"}],"wp:attachment":[{"href":"https:\/\/cartagenaaldia.com\/index.php\/wp-json\/wp\/v2\/media?parent=5695"}],"wp:term":[{"taxonomy":"category","embeddable":true,"href":"https:\/\/cartagenaaldia.com\/index.php\/wp-json\/wp\/v2\/categories?post=5695"},{"taxonomy":"post_tag","embeddable":true,"href":"https:\/\/cartagenaaldia.com\/index.php\/wp-json\/wp\/v2\/tags?post=5695"}],"curies":[{"name":"wp","href":"https:\/\/api.w.org\/{rel}","templated":true}]}}