{"id":5643,"date":"2024-04-15T19:13:34","date_gmt":"2024-04-16T00:13:34","guid":{"rendered":"https:\/\/cartagenaaldia.com\/?p=5643"},"modified":"2024-04-15T19:13:35","modified_gmt":"2024-04-16T00:13:35","slug":"la-ruta-90-de-cine-colombia","status":"publish","type":"post","link":"https:\/\/cartagenaaldia.com\/index.php\/2024\/04\/15\/la-ruta-90-de-cine-colombia\/","title":{"rendered":"La Ruta 90 de Cine Colombia"},"content":{"rendered":"\n<p><strong>Sala Redacci\u00f3n. &#8211;<\/strong> En el 2017, la Ruta 90 de Cine Colombia emprendi\u00f3 el sue\u00f1o de convertir al pa\u00eds en la sala de cine m\u00e1s grande que jam\u00e1s haya existido.<\/p>\n\n\n\n<p>En esta oportunidad, la Ruta 90 lleva la magia del cine al megabarrio Bicentenario y al corregimiento de Santa Ana, Isla de Bar\u00fa, en Cartagena, los d\u00edas 18 y 19 de abril, respectivamente. La proyecci\u00f3n en Bicentenario ser\u00e1 en el Parque Bicentenario desde las 6:00 p.m. y en Santa Ana en la plaza principal a la misma hora.<\/p>\n\n\n\n<p>La Ruta 90 de Cine Colombia llega a estas comunidades con el apoyo de la Fundaci\u00f3n Santo Domingo generando espacios de encuentro familiar, comunitario y de apropiaci\u00f3n del territorio.<\/p>\n\n\n\n<p>\u201cEstamos impulsando el fortalecimiento del tejido comunitario gracias a la alianza con Cine Colombia. Este encuentro cultural invita a la integraci\u00f3n, el di\u00e1logo y la creaci\u00f3n de identidad que promueven m\u00e1s oportunidades de desarrollo para las familias en Cartagena\u201d, afirm\u00f3 Ver\u00f3nica Trujillo, gerente de proyectos de la Fundaci\u00f3n Santo Domingo.<\/p>\n\n\n\n<p>Las ni\u00f1as y ni\u00f1os tendr\u00e1n la oportunidad de disfrutar de la pel\u00edcula infantil con un mensaje inspirador, \u201cUn Gato con Suerte\u201d, la historia de Beckett, un gato mimado y ego\u00edsta que da por sentado la suerte que le ha tocado. Cuando Beckett pierde su novena y \u00faltima vida, el destino interviene para embarcarlo en un viaje transformador.<\/p>\n\n\n\n<p>Miles de experiencias, sonrisas y emociones que inspiran a la Ruta 90 para llegar al coraz\u00f3n de todos los colombianos.<\/p>\n","protected":false},"excerpt":{"rendered":"<p>La Ruta 90 estar\u00e1 presente en Bicentenario y Santa Ana en Cartagena el sue\u00f1o de convertir al pa\u00eds en la sala de cine m\u00e1s grande que jam\u00e1s haya existido.<\/p>\n","protected":false},"author":2,"featured_media":5644,"comment_status":"closed","ping_status":"closed","sticky":false,"template":"","format":"standard","meta":{"om_disable_all_campaigns":false,"_monsterinsights_skip_tracking":false,"_monsterinsights_sitenote_active":false,"_monsterinsights_sitenote_note":"","_monsterinsights_sitenote_category":0,"footnotes":""},"categories":[114,102],"tags":[373,399],"class_list":["post-5643","post","type-post","status-publish","format-standard","has-post-thumbnail","hentry","category-entretenimiento","category-generales","tag-fundacion-santo-domingo","tag-la-ruta-90"],"_links":{"self":[{"href":"https:\/\/cartagenaaldia.com\/index.php\/wp-json\/wp\/v2\/posts\/5643","targetHints":{"allow":["GET"]}}],"collection":[{"href":"https:\/\/cartagenaaldia.com\/index.php\/wp-json\/wp\/v2\/posts"}],"about":[{"href":"https:\/\/cartagenaaldia.com\/index.php\/wp-json\/wp\/v2\/types\/post"}],"author":[{"embeddable":true,"href":"https:\/\/cartagenaaldia.com\/index.php\/wp-json\/wp\/v2\/users\/2"}],"replies":[{"embeddable":true,"href":"https:\/\/cartagenaaldia.com\/index.php\/wp-json\/wp\/v2\/comments?post=5643"}],"version-history":[{"count":1,"href":"https:\/\/cartagenaaldia.com\/index.php\/wp-json\/wp\/v2\/posts\/5643\/revisions"}],"predecessor-version":[{"id":5645,"href":"https:\/\/cartagenaaldia.com\/index.php\/wp-json\/wp\/v2\/posts\/5643\/revisions\/5645"}],"wp:featuredmedia":[{"embeddable":true,"href":"https:\/\/cartagenaaldia.com\/index.php\/wp-json\/wp\/v2\/media\/5644"}],"wp:attachment":[{"href":"https:\/\/cartagenaaldia.com\/index.php\/wp-json\/wp\/v2\/media?parent=5643"}],"wp:term":[{"taxonomy":"category","embeddable":true,"href":"https:\/\/cartagenaaldia.com\/index.php\/wp-json\/wp\/v2\/categories?post=5643"},{"taxonomy":"post_tag","embeddable":true,"href":"https:\/\/cartagenaaldia.com\/index.php\/wp-json\/wp\/v2\/tags?post=5643"}],"curies":[{"name":"wp","href":"https:\/\/api.w.org\/{rel}","templated":true}]}}