{"id":5596,"date":"2024-04-07T18:56:02","date_gmt":"2024-04-07T23:56:02","guid":{"rendered":"https:\/\/cartagenaaldia.com\/?p=5596"},"modified":"2024-04-07T18:56:03","modified_gmt":"2024-04-07T23:56:03","slug":"bolivar-a-la-fase-final-nacionales-de-los-juegos-intercolegiados-2024","status":"publish","type":"post","link":"https:\/\/cartagenaaldia.com\/index.php\/2024\/04\/07\/bolivar-a-la-fase-final-nacionales-de-los-juegos-intercolegiados-2024\/","title":{"rendered":"Bol\u00edvar a la Fase Final Nacionales de los Juegos Intercolegiados 2024"},"content":{"rendered":"\n<p>Sala Redacci\u00f3n. &#8211; Durante el desarrollo de las justas deportivas, Bol\u00edvar logr\u00f3 su pase a la Fase Final Nacionales de los Juegos Intercolegiados 2024, con los equipos de f\u00fatbol sala femenino y f\u00fatbol masculino. <\/p>\n\n\n\n<p>El equipo de Bol\u00edvar Prejuvenil F\u00fatbol Sala Femenino, representado por la Instituci\u00f3n Educativa Altos del Rosario clasific\u00f3 a la fase final de los Juegos Nacionales Intercolegiados tras vencer en el tercer y definitivo encuentro 3 goles por 1 a Sucre, juego que se cumpli\u00f3 en el coliseo Norton Madrid; las anotaciones fueron conseguidas por Tatiana Vidales y Yanelith Palomino. Con este resultado las bolivarenses ganaron el tiquete para representar a la Costa Caribe en la final del Futsala femenino Intercolegiado.<\/p>\n\n\n\n<p>As\u00ed mismo, el equipo de Bol\u00edvar de f\u00fatbol masculino, representado por la Instituci\u00f3n Educativa Soledad Acosta de Samper derrot\u00f3 a Sucre 1-0 con gol de Gabriel Molina y una gran actuaci\u00f3n del arquero bolivarense Samuel Guerra, consiguiendo tiquete directo a la Final Nacional de los Juegos Intercolegiados.<\/p>\n\n\n\n<p>El equipo de Bol\u00edvar de f\u00fatbol sala prejuvenil masculino no logr\u00f3 clasificar, sin embargo, H\u00e9ctor Pe\u00f1a marc\u00f3 los dos goles de Bol\u00edvar (Magangu\u00e9) para derrotar 2-1 a San Andr\u00e9s en el juego por el honor en el zonal Caribe 2 de los Juegos Intercolegiados. <\/p>\n\n\n\n<p>Hay que destacar que, clasific\u00f3 a la final de los Intercolegiados en la categor\u00eda prejuvenil masculino, y de manera anticipada,  el representativo de Sucre (I. E. Majagual), que gan\u00f3 sus dos compromisos en el coliseo Norton Madrid.<\/p>\n\n\n\n<p>De esta manera, culmin\u00f3 la Fase Regional Caribe 2 en Cartagena, lugar en el que deportistas del Archipi\u00e9lago de San Andr\u00e9s, Providencia y Santa Catalina, Sucre y Bol\u00edvar demostraron su talento y se esforzaron para lograr la clasificaci\u00f3n a la Fase Final de los Juegos Nacionales Intercolegiados.<\/p>\n\n\n\n<p>Este lunes, 08 de abril inicia la categor\u00eda juvenil de los Intercolegiados Regional Caribe 2.<\/p>\n","protected":false},"excerpt":{"rendered":"<p>Culmin\u00f3 la Fase Regional Caribe 2 en Cartagena, lugar en el que deportistas del Archipi\u00e9lago de San Andr\u00e9s, Providencia y Santa Catalina, Sucre y Bol\u00edvar demostraron su talento.<\/p>\n","protected":false},"author":2,"featured_media":5597,"comment_status":"closed","ping_status":"closed","sticky":false,"template":"","format":"standard","meta":{"om_disable_all_campaigns":false,"_monsterinsights_skip_tracking":false,"_monsterinsights_sitenote_active":false,"_monsterinsights_sitenote_note":"","_monsterinsights_sitenote_category":0,"footnotes":""},"categories":[110,106,102],"tags":[136,392],"class_list":["post-5596","post","type-post","status-publish","format-standard","has-post-thumbnail","hentry","category-bolivar","category-deporte","category-generales","tag-iderbol","tag-intercolegiados"],"_links":{"self":[{"href":"https:\/\/cartagenaaldia.com\/index.php\/wp-json\/wp\/v2\/posts\/5596","targetHints":{"allow":["GET"]}}],"collection":[{"href":"https:\/\/cartagenaaldia.com\/index.php\/wp-json\/wp\/v2\/posts"}],"about":[{"href":"https:\/\/cartagenaaldia.com\/index.php\/wp-json\/wp\/v2\/types\/post"}],"author":[{"embeddable":true,"href":"https:\/\/cartagenaaldia.com\/index.php\/wp-json\/wp\/v2\/users\/2"}],"replies":[{"embeddable":true,"href":"https:\/\/cartagenaaldia.com\/index.php\/wp-json\/wp\/v2\/comments?post=5596"}],"version-history":[{"count":1,"href":"https:\/\/cartagenaaldia.com\/index.php\/wp-json\/wp\/v2\/posts\/5596\/revisions"}],"predecessor-version":[{"id":5598,"href":"https:\/\/cartagenaaldia.com\/index.php\/wp-json\/wp\/v2\/posts\/5596\/revisions\/5598"}],"wp:featuredmedia":[{"embeddable":true,"href":"https:\/\/cartagenaaldia.com\/index.php\/wp-json\/wp\/v2\/media\/5597"}],"wp:attachment":[{"href":"https:\/\/cartagenaaldia.com\/index.php\/wp-json\/wp\/v2\/media?parent=5596"}],"wp:term":[{"taxonomy":"category","embeddable":true,"href":"https:\/\/cartagenaaldia.com\/index.php\/wp-json\/wp\/v2\/categories?post=5596"},{"taxonomy":"post_tag","embeddable":true,"href":"https:\/\/cartagenaaldia.com\/index.php\/wp-json\/wp\/v2\/tags?post=5596"}],"curies":[{"name":"wp","href":"https:\/\/api.w.org\/{rel}","templated":true}]}}