{"id":5593,"date":"2024-04-06T11:35:44","date_gmt":"2024-04-06T16:35:44","guid":{"rendered":"https:\/\/cartagenaaldia.com\/?p=5593"},"modified":"2024-04-06T11:35:45","modified_gmt":"2024-04-06T16:35:45","slug":"gota-a-gota-llega-el-agua-a-cartagena","status":"publish","type":"post","link":"https:\/\/cartagenaaldia.com\/index.php\/2024\/04\/06\/gota-a-gota-llega-el-agua-a-cartagena\/","title":{"rendered":"Gota a Gota  Llega el Agua a Cartagena"},"content":{"rendered":"\n<p>Gracias a los operativos implementados, los niveles de los tanques de almacenamiento en las plantas de tratamiento y el reservorio de agua, ubicado en Albornoz, muestran una tendencia favorable hacia la estabilizaci\u00f3n del sistema de acueducto.<\/p>\n\n\n\n<p>A pesar de los avances significativos, la empresa reconoce que algunos sectores de la ciudad a\u00fan experimentan bajas presiones y, en casos aislados, ausencias del servicio de agua. <\/p>\n\n\n\n<p>Estas situaciones, aunque inc\u00f3modas para los usuarios, son parte de las etapas necesarias para alcanzar condiciones \u00f3ptimas de operaci\u00f3n del sistema.<\/p>\n","protected":false},"excerpt":{"rendered":"<p>En la \u00faltima fase de la emergencia que afect\u00f3 el suministro de agua en la ciudad, Aguas de Cartagena avanza con la realizaci\u00f3n de los trabajos para garantizar la distribuci\u00f3n eficiente de agua a toda la ciudad.<\/p>\n","protected":false},"author":2,"featured_media":5594,"comment_status":"closed","ping_status":"closed","sticky":false,"template":"","format":"standard","meta":{"om_disable_all_campaigns":false,"_monsterinsights_skip_tracking":false,"_monsterinsights_sitenote_active":false,"_monsterinsights_sitenote_note":"","_monsterinsights_sitenote_category":0,"footnotes":""},"categories":[102],"tags":[247,248],"class_list":["post-5593","post","type-post","status-publish","format-standard","has-post-thumbnail","hentry","category-generales","tag-acuacar","tag-aguas-de-cartagena"],"_links":{"self":[{"href":"https:\/\/cartagenaaldia.com\/index.php\/wp-json\/wp\/v2\/posts\/5593","targetHints":{"allow":["GET"]}}],"collection":[{"href":"https:\/\/cartagenaaldia.com\/index.php\/wp-json\/wp\/v2\/posts"}],"about":[{"href":"https:\/\/cartagenaaldia.com\/index.php\/wp-json\/wp\/v2\/types\/post"}],"author":[{"embeddable":true,"href":"https:\/\/cartagenaaldia.com\/index.php\/wp-json\/wp\/v2\/users\/2"}],"replies":[{"embeddable":true,"href":"https:\/\/cartagenaaldia.com\/index.php\/wp-json\/wp\/v2\/comments?post=5593"}],"version-history":[{"count":1,"href":"https:\/\/cartagenaaldia.com\/index.php\/wp-json\/wp\/v2\/posts\/5593\/revisions"}],"predecessor-version":[{"id":5595,"href":"https:\/\/cartagenaaldia.com\/index.php\/wp-json\/wp\/v2\/posts\/5593\/revisions\/5595"}],"wp:featuredmedia":[{"embeddable":true,"href":"https:\/\/cartagenaaldia.com\/index.php\/wp-json\/wp\/v2\/media\/5594"}],"wp:attachment":[{"href":"https:\/\/cartagenaaldia.com\/index.php\/wp-json\/wp\/v2\/media?parent=5593"}],"wp:term":[{"taxonomy":"category","embeddable":true,"href":"https:\/\/cartagenaaldia.com\/index.php\/wp-json\/wp\/v2\/categories?post=5593"},{"taxonomy":"post_tag","embeddable":true,"href":"https:\/\/cartagenaaldia.com\/index.php\/wp-json\/wp\/v2\/tags?post=5593"}],"curies":[{"name":"wp","href":"https:\/\/api.w.org\/{rel}","templated":true}]}}