{"id":5590,"date":"2024-04-04T19:56:22","date_gmt":"2024-04-05T00:56:22","guid":{"rendered":"https:\/\/cartagenaaldia.com\/?p=5590"},"modified":"2024-04-04T19:56:22","modified_gmt":"2024-04-05T00:56:22","slug":"en-la-industria-mundial-de-los-botestodomar-un-grandes-ligas-listo-para-competir","status":"publish","type":"post","link":"https:\/\/cartagenaaldia.com\/index.php\/2024\/04\/04\/en-la-industria-mundial-de-los-botestodomar-un-grandes-ligas-listo-para-competir\/","title":{"rendered":"En la Industria Mundial de los BotesTodomar un Grandes Ligas Listo para Competir"},"content":{"rendered":"\n<p>Si hay algo de lo que Cartagena se siente orgullosa es de la policrom\u00eda de sus mares; pero sin duda, ese escenario a partir de ahora lucir\u00e1 con m\u00e1s esplendor con la llegada de los cambios de una gran compa\u00f1\u00eda especializada en la construcci\u00f3n de botes &#8220;Todomar&#8221;, con m\u00e1s de 30 a\u00f1os en el mercado de alquiler y construcci\u00f3n pero que apartir de los pr\u00f3ximos d\u00edas se constituir\u00e1 en un Grandes Ligas constructor de talla mundial listo para competir de tu a tu en esta fascinante industria con las marcas de mayor reconocimiento. <\/p>\n\n\n\n<p>&#8220;Todomar&#8221; Open House TMR In Tempestate Prorsum  en medio de la tempestad, una verdadera f\u00e1brica de sue\u00f1os que se transforma en experiencias fascinantes, los encargados de este liderazgo son empresarios cartageneros representados en Carlos Londo\u00f1o y sus dos hijos Fran Carlos y Jorge y todo un equipo de 350 trabajadores que hacen de este team una f\u00f3rmula arrolladora lista para mostrar otra faceta de un caso exitoso empresarial made in Cartagena. <\/p>\n\n\n\n<p>En la zona franca Parque Central fue presentada la m\u00e1quina CNC de 5 ejes que permite hacer cortes precisos de moldes de hasta 50 p\u00edes que da acabados perfectos en las embarcaciones futuras de Todomar.<\/p>\n\n\n\n<p>Para Jorge Londo\u00f1o vicepresidente comercial esta compa\u00f1\u00eda le apuesta ingresar a las grandes ligas de los mercados del mundo y muy pronto estar\u00e1 en el mercado el Todomar &#8220;Z&#8221;  un bote hecho para competir a escala mundial construido y ensamblado en Cartagena.<\/p>\n","protected":false},"excerpt":{"rendered":"<p>Inauguraci\u00f3n de la f\u00e1brica de botes Todomar en  zona franca Parque Central y la presentaci\u00f3n de su bote prototipo &#8220;Z&#8221;.<\/p>\n","protected":false},"author":2,"featured_media":5591,"comment_status":"closed","ping_status":"closed","sticky":false,"template":"","format":"standard","meta":{"om_disable_all_campaigns":false,"_monsterinsights_skip_tracking":false,"_monsterinsights_sitenote_active":false,"_monsterinsights_sitenote_note":"","_monsterinsights_sitenote_category":0,"footnotes":""},"categories":[110,115,103,102],"tags":[391],"class_list":["post-5590","post","type-post","status-publish","format-standard","has-post-thumbnail","hentry","category-bolivar","category-colombia","category-economia","category-generales","tag-todomar"],"_links":{"self":[{"href":"https:\/\/cartagenaaldia.com\/index.php\/wp-json\/wp\/v2\/posts\/5590","targetHints":{"allow":["GET"]}}],"collection":[{"href":"https:\/\/cartagenaaldia.com\/index.php\/wp-json\/wp\/v2\/posts"}],"about":[{"href":"https:\/\/cartagenaaldia.com\/index.php\/wp-json\/wp\/v2\/types\/post"}],"author":[{"embeddable":true,"href":"https:\/\/cartagenaaldia.com\/index.php\/wp-json\/wp\/v2\/users\/2"}],"replies":[{"embeddable":true,"href":"https:\/\/cartagenaaldia.com\/index.php\/wp-json\/wp\/v2\/comments?post=5590"}],"version-history":[{"count":1,"href":"https:\/\/cartagenaaldia.com\/index.php\/wp-json\/wp\/v2\/posts\/5590\/revisions"}],"predecessor-version":[{"id":5592,"href":"https:\/\/cartagenaaldia.com\/index.php\/wp-json\/wp\/v2\/posts\/5590\/revisions\/5592"}],"wp:featuredmedia":[{"embeddable":true,"href":"https:\/\/cartagenaaldia.com\/index.php\/wp-json\/wp\/v2\/media\/5591"}],"wp:attachment":[{"href":"https:\/\/cartagenaaldia.com\/index.php\/wp-json\/wp\/v2\/media?parent=5590"}],"wp:term":[{"taxonomy":"category","embeddable":true,"href":"https:\/\/cartagenaaldia.com\/index.php\/wp-json\/wp\/v2\/categories?post=5590"},{"taxonomy":"post_tag","embeddable":true,"href":"https:\/\/cartagenaaldia.com\/index.php\/wp-json\/wp\/v2\/tags?post=5590"}],"curies":[{"name":"wp","href":"https:\/\/api.w.org\/{rel}","templated":true}]}}