{"id":5567,"date":"2024-03-29T18:04:52","date_gmt":"2024-03-29T23:04:52","guid":{"rendered":"https:\/\/cartagenaaldia.com\/?p=5567"},"modified":"2024-03-29T18:04:53","modified_gmt":"2024-03-29T23:04:53","slug":"capturado-por-defraudacion-de-fluido-electrico-en-cartagena","status":"publish","type":"post","link":"https:\/\/cartagenaaldia.com\/index.php\/2024\/03\/29\/capturado-por-defraudacion-de-fluido-electrico-en-cartagena\/","title":{"rendered":"Capturado por defraudaci\u00f3n de fluido el\u00e9ctrico en Cartagena"},"content":{"rendered":"\n<p><strong>Sala Redacci\u00f3n. &#8211;<\/strong> En las \u00faltimas horas, se logra la captura en flagrancia de un hombre de 35 a\u00f1os, por el delito de defraudaci\u00f3n de fluidos el\u00e9ctricos, gracias a los constantes patrullajes y la informaci\u00f3n recibida por parte de la comunidad.<\/p>\n\n\n\n<p>La oportuna informaci\u00f3n de los habitantes del barrio Sim\u00f3n Bol\u00edvar, permiti\u00f3 que las patrullas de vigilancia sorprendieran a un sujeto que se encontraba manipulando de manera ilegal y anti-t\u00e9cnica las redes de distribuci\u00f3n de energ\u00eda el\u00e9ctrica en la carrera 82\u00aa, del barrio Sim\u00f3n Bol\u00edvar.<\/p>\n\n\n\n<p>Durante el procedimiento de captura fueron incautadas una escalera met\u00e1lica, un arn\u00e9s, una correa y una llave de expansi\u00f3n.<\/p>\n\n\n\n<p>El capturado y los elementos incautados fueron dejados a disposici\u00f3n de la Fiscal\u00eda General de la Naci\u00f3n por el delito de defraudaci\u00f3n de fluidos el\u00e9ctricos, a espera de las audiencias que definan su situaci\u00f3n judicial.<\/p>\n","protected":false},"excerpt":{"rendered":"<p>Alias \u201cEl Libardito\u201d fue capturado en momentos en que pretend\u00eda defraudar energ\u00eda en el barrio Sim\u00f3n Bol\u00edvar.<\/p>\n","protected":false},"author":2,"featured_media":5568,"comment_status":"closed","ping_status":"closed","sticky":false,"template":"","format":"standard","meta":{"om_disable_all_campaigns":false,"_monsterinsights_skip_tracking":false,"_monsterinsights_sitenote_active":false,"_monsterinsights_sitenote_note":"","_monsterinsights_sitenote_category":0,"footnotes":""},"categories":[102,111],"tags":[192],"class_list":["post-5567","post","type-post","status-publish","format-standard","has-post-thumbnail","hentry","category-generales","category-justicia","tag-polmecar"],"_links":{"self":[{"href":"https:\/\/cartagenaaldia.com\/index.php\/wp-json\/wp\/v2\/posts\/5567","targetHints":{"allow":["GET"]}}],"collection":[{"href":"https:\/\/cartagenaaldia.com\/index.php\/wp-json\/wp\/v2\/posts"}],"about":[{"href":"https:\/\/cartagenaaldia.com\/index.php\/wp-json\/wp\/v2\/types\/post"}],"author":[{"embeddable":true,"href":"https:\/\/cartagenaaldia.com\/index.php\/wp-json\/wp\/v2\/users\/2"}],"replies":[{"embeddable":true,"href":"https:\/\/cartagenaaldia.com\/index.php\/wp-json\/wp\/v2\/comments?post=5567"}],"version-history":[{"count":1,"href":"https:\/\/cartagenaaldia.com\/index.php\/wp-json\/wp\/v2\/posts\/5567\/revisions"}],"predecessor-version":[{"id":5569,"href":"https:\/\/cartagenaaldia.com\/index.php\/wp-json\/wp\/v2\/posts\/5567\/revisions\/5569"}],"wp:featuredmedia":[{"embeddable":true,"href":"https:\/\/cartagenaaldia.com\/index.php\/wp-json\/wp\/v2\/media\/5568"}],"wp:attachment":[{"href":"https:\/\/cartagenaaldia.com\/index.php\/wp-json\/wp\/v2\/media?parent=5567"}],"wp:term":[{"taxonomy":"category","embeddable":true,"href":"https:\/\/cartagenaaldia.com\/index.php\/wp-json\/wp\/v2\/categories?post=5567"},{"taxonomy":"post_tag","embeddable":true,"href":"https:\/\/cartagenaaldia.com\/index.php\/wp-json\/wp\/v2\/tags?post=5567"}],"curies":[{"name":"wp","href":"https:\/\/api.w.org\/{rel}","templated":true}]}}