{"id":5544,"date":"2024-03-25T18:03:43","date_gmt":"2024-03-25T23:03:43","guid":{"rendered":"https:\/\/cartagenaaldia.com\/?p=5544"},"modified":"2024-03-25T18:03:44","modified_gmt":"2024-03-25T23:03:44","slug":"el-cerrito-ciudad-carino-te-espera-en-semana-santa","status":"publish","type":"post","link":"https:\/\/cartagenaaldia.com\/index.php\/2024\/03\/25\/el-cerrito-ciudad-carino-te-espera-en-semana-santa\/","title":{"rendered":"El Cerrito &#8220;Ciudad Cari\u00f1o&#8221; te espera en Semana Santa"},"content":{"rendered":"\n<p>Esta bella tradici\u00f3n, hace parte de la Ruta Religiosa   del Valle y la regi\u00f3n.  La Asamblea del Valle,  en el a\u00f1o 2023,  la reconoci\u00f3 como  Patrimonio   Cultural  Religioso del Departamento.<\/p>\n\n\n\n<p>El Cerrito ubicado en el centro del departamento del Valle del Cauca con una altitud media de 967 m.s.n.m. esta listo para recibir a los viajeros para que vivan un experiencia sobre natural en cada uno de los actos lit\u00fargicos de la semana santa. <\/p>\n\n\n\n<p>El Cerrito les espera tambi\u00e9n, con sus tres pisos t\u00e9rmicos para que a trav\u00e9s de la naturaleza tengan un contacto m\u00e1s cercano con el creador.<\/p>\n\n\n\n<p>La &#8220;Ciudad Cari\u00f1o&#8221; a programado una ruta religiosa con actos  lit\u00fargicos y procesiones,   que se realizar\u00e1n  todos los d\u00edas,  de Domingo  de Ramos, hasta Domingo  de Resurrecci\u00f3n. <\/p>\n\n\n\n<p>La Procesi\u00f3n  del Viernes  Santo, estar\u00e1 en vivo  y en directo  por el canal regional Telepac\u00edfico. <\/p>\n\n\n\n<p>Resaltamos  que  47 pasos  en las Procesiones Mayores y 42 pasos Procesiones Infantiles, en hombros de los cargueros,  recorren  las principales  v\u00edas  del municipio.<\/p>\n\n\n\n<p>Destacamos la Orden de Varones del Santo Sepulcro, las sahumadoras cargueros, portaflores, postaestandartes, s\u00edndicos,  entre otros. Atractivos Tur\u00edsticos: Hacienda El Para\u00edso, Museo de la Ca\u00f1a y Choza  de Chuch\u00fa.<\/p>\n\n\n\n<p>Gastronom\u00eda, con el Tradicional Festival del Mecato. Donde podr\u00e1s disfrutar de: Panderito, Bizcochuelo, Pandehorno, Masato,Variedad de dulces.<\/p>\n\n\n\n<p>El Cerrito les espera con todo su potencial  tur\u00edstico, cultural  y gastron\u00f3mico.<\/p>\n","protected":false},"excerpt":{"rendered":"<p>La junta pro semana santa invita para que propios y extra\u00f1os visiten la &#8220;Ciudad Cari\u00f1o&#8221; y tengan una experiencia religiosa rodeados de la bella natural del Valle del Cauca.<\/p>\n","protected":false},"author":2,"featured_media":5545,"comment_status":"closed","ping_status":"closed","sticky":false,"template":"","format":"standard","meta":{"om_disable_all_campaigns":false,"_monsterinsights_skip_tracking":false,"_monsterinsights_sitenote_active":false,"_monsterinsights_sitenote_note":"","_monsterinsights_sitenote_category":0,"footnotes":""},"categories":[115,103,102,104],"tags":[389],"class_list":["post-5544","post","type-post","status-publish","format-standard","has-post-thumbnail","hentry","category-colombia","category-economia","category-generales","category-turismo","tag-el-cerrito"],"_links":{"self":[{"href":"https:\/\/cartagenaaldia.com\/index.php\/wp-json\/wp\/v2\/posts\/5544","targetHints":{"allow":["GET"]}}],"collection":[{"href":"https:\/\/cartagenaaldia.com\/index.php\/wp-json\/wp\/v2\/posts"}],"about":[{"href":"https:\/\/cartagenaaldia.com\/index.php\/wp-json\/wp\/v2\/types\/post"}],"author":[{"embeddable":true,"href":"https:\/\/cartagenaaldia.com\/index.php\/wp-json\/wp\/v2\/users\/2"}],"replies":[{"embeddable":true,"href":"https:\/\/cartagenaaldia.com\/index.php\/wp-json\/wp\/v2\/comments?post=5544"}],"version-history":[{"count":1,"href":"https:\/\/cartagenaaldia.com\/index.php\/wp-json\/wp\/v2\/posts\/5544\/revisions"}],"predecessor-version":[{"id":5546,"href":"https:\/\/cartagenaaldia.com\/index.php\/wp-json\/wp\/v2\/posts\/5544\/revisions\/5546"}],"wp:featuredmedia":[{"embeddable":true,"href":"https:\/\/cartagenaaldia.com\/index.php\/wp-json\/wp\/v2\/media\/5545"}],"wp:attachment":[{"href":"https:\/\/cartagenaaldia.com\/index.php\/wp-json\/wp\/v2\/media?parent=5544"}],"wp:term":[{"taxonomy":"category","embeddable":true,"href":"https:\/\/cartagenaaldia.com\/index.php\/wp-json\/wp\/v2\/categories?post=5544"},{"taxonomy":"post_tag","embeddable":true,"href":"https:\/\/cartagenaaldia.com\/index.php\/wp-json\/wp\/v2\/tags?post=5544"}],"curies":[{"name":"wp","href":"https:\/\/api.w.org\/{rel}","templated":true}]}}