{"id":5541,"date":"2024-03-24T16:16:35","date_gmt":"2024-03-24T21:16:35","guid":{"rendered":"https:\/\/cartagenaaldia.com\/?p=5541"},"modified":"2024-03-24T16:16:35","modified_gmt":"2024-03-24T21:16:35","slug":"oinac-rechaza-malas-practicas-contra-los-turistas-que-llegan-a-cartagena","status":"publish","type":"post","link":"https:\/\/cartagenaaldia.com\/index.php\/2024\/03\/24\/oinac-rechaza-malas-practicas-contra-los-turistas-que-llegan-a-cartagena\/","title":{"rendered":"OINAC Rechaza Malas Pr\u00e1cticas Contra los Turistas que Llegan a Cartagena"},"content":{"rendered":"\n<p>Sala Redacci\u00f3n. \u2013 OINAC, Operadora Internacional del Aeropuerto de Cartagena de Indias, rechaza categ\u00f3ricamente las malas pr\u00e1cticas que algunos actores externos realizan contra los turistas que llegan a la ciudad. <\/p>\n\n\n\n<p>Estas pr\u00e1cticas, como el cobro excesivo de tarifas por servicios de transporte o la oferta de servicios no autorizados, afectan negativamente la experiencia de los visitantes y da\u00f1an la imagen de Cartagena como destino tur\u00edstico.<\/p>\n\n\n\n<p>En aras de garantizar el bienestar de los usuarios y visitantes del aeropuerto, OINAC como nuevo concesionario invita a todos  nuestro pasajeros tomar el servicio de taxis que est\u00e1n regulados por el aeropuerto en la estaci\u00f3n ubicada dentro del terminal a\u00e9rea. <\/p>\n\n\n\n<p>OINAC reitera su compromiso con el desarrollo sostenible del turismo en Cartagena y con la protecci\u00f3n de los derechos de los turistas. La compa\u00f1\u00eda continuar\u00e1 trabajando con las autoridades correspondientes.<\/p>\n","protected":false},"excerpt":{"rendered":"<p>OINAC nuevo Concesionario rechaza malas pr\u00e1cticas con turistas en Cartagena y promueve uso de taxis regulados.<\/p>\n","protected":false},"author":2,"featured_media":5542,"comment_status":"closed","ping_status":"closed","sticky":false,"template":"","format":"standard","meta":{"om_disable_all_campaigns":false,"_monsterinsights_skip_tracking":false,"_monsterinsights_sitenote_active":false,"_monsterinsights_sitenote_note":"","_monsterinsights_sitenote_category":0,"footnotes":""},"categories":[103,102],"tags":[348],"class_list":["post-5541","post","type-post","status-publish","format-standard","has-post-thumbnail","hentry","category-economia","category-generales","tag-aeropuerto-internacional-rafael-nunez"],"_links":{"self":[{"href":"https:\/\/cartagenaaldia.com\/index.php\/wp-json\/wp\/v2\/posts\/5541","targetHints":{"allow":["GET"]}}],"collection":[{"href":"https:\/\/cartagenaaldia.com\/index.php\/wp-json\/wp\/v2\/posts"}],"about":[{"href":"https:\/\/cartagenaaldia.com\/index.php\/wp-json\/wp\/v2\/types\/post"}],"author":[{"embeddable":true,"href":"https:\/\/cartagenaaldia.com\/index.php\/wp-json\/wp\/v2\/users\/2"}],"replies":[{"embeddable":true,"href":"https:\/\/cartagenaaldia.com\/index.php\/wp-json\/wp\/v2\/comments?post=5541"}],"version-history":[{"count":1,"href":"https:\/\/cartagenaaldia.com\/index.php\/wp-json\/wp\/v2\/posts\/5541\/revisions"}],"predecessor-version":[{"id":5543,"href":"https:\/\/cartagenaaldia.com\/index.php\/wp-json\/wp\/v2\/posts\/5541\/revisions\/5543"}],"wp:featuredmedia":[{"embeddable":true,"href":"https:\/\/cartagenaaldia.com\/index.php\/wp-json\/wp\/v2\/media\/5542"}],"wp:attachment":[{"href":"https:\/\/cartagenaaldia.com\/index.php\/wp-json\/wp\/v2\/media?parent=5541"}],"wp:term":[{"taxonomy":"category","embeddable":true,"href":"https:\/\/cartagenaaldia.com\/index.php\/wp-json\/wp\/v2\/categories?post=5541"},{"taxonomy":"post_tag","embeddable":true,"href":"https:\/\/cartagenaaldia.com\/index.php\/wp-json\/wp\/v2\/tags?post=5541"}],"curies":[{"name":"wp","href":"https:\/\/api.w.org\/{rel}","templated":true}]}}