{"id":5538,"date":"2024-03-24T11:39:30","date_gmt":"2024-03-24T16:39:30","guid":{"rendered":"https:\/\/cartagenaaldia.com\/?p=5538"},"modified":"2024-03-24T11:39:31","modified_gmt":"2024-03-24T16:39:31","slug":"gobernacion-y-alcaldia-se-unen-por-el-deporte-de-alto-rendimeinto","status":"publish","type":"post","link":"https:\/\/cartagenaaldia.com\/index.php\/2024\/03\/24\/gobernacion-y-alcaldia-se-unen-por-el-deporte-de-alto-rendimeinto\/","title":{"rendered":"Gobernaci\u00f3n y Alcald\u00eda se Unen por el Deporte de Alto Rendimeinto"},"content":{"rendered":"\n<p>En una reciente reuni\u00f3n entre el Gobernador de Bol\u00edvar, Yamil Arana Padau\u00ed y el Alcalde de Cartagena, Dumek Turbay Paz, se revisaron diferentes estrategias en torno al desarrollo deportivo del departamento de Bol\u00edvar y sus atletas de alto rendimiento. El encuentro se centr\u00f3 en la planificaci\u00f3n de un programa integral de apoyo a los deportistas de \u00e9lite, con miras a los Juegos Nacionales de 2027.<\/p>\n\n\n\n<p>Durante la reuni\u00f3n, se acord\u00f3 la creaci\u00f3n de una mesa t\u00e9cnica encargada de liderar el proceso de selecci\u00f3n y apoyo a los deportistas destacados, el cual culminar\u00e1 en la presentaci\u00f3n del coordinador de este programa en una cumbre especial despu\u00e9s de Semana Santa. Este coordinador, junto con un equipo de expertos, ser\u00e1 el responsable de llevar a cabo el proceso de apoyo o asistencia a los atletas seleccionados.<\/p>\n\n\n\n<p>Una de las primeras acciones ser\u00e1 trabajar en estrecha colaboraci\u00f3n con los presidentes de las ligas deportivas para recopilar un exhaustivo listado de los deportistas locales. Adem\u00e1s, se llevar\u00e1 a cabo una evaluaci\u00f3n detallada del desempe\u00f1o de estos deportistas en los pasados Juegos Nacionales, con el objetivo de guiar el proceso de selecci\u00f3n.<\/p>\n\n\n\n<p>As\u00ed mismo, se establecer\u00e1 el plan de trabajo con los presidentes de liga para coordinar la participaci\u00f3n de los atletas en torneos nacionales y clasificatorios, con el fin de dise\u00f1ar un plan de trabajo efectivo que maximice el potencial de cada deportista.<\/p>\n\n\n\n<p>La Gobernaci\u00f3n de Bol\u00edvar reafirma su compromiso con el desarrollo deportivo y el bienestar de sus atletas, trabajando incansablemente para brindarles el apoyo necesario en su camino hacia la excelencia.<\/p>\n","protected":false},"excerpt":{"rendered":"<p>Gobernaci\u00f3n y Alcald\u00eda de Cartagena a\u00fanan esfuerzos para la planificaci\u00f3n del proceso de Altos Logros.<\/p>\n","protected":false},"author":2,"featured_media":5539,"comment_status":"closed","ping_status":"closed","sticky":false,"template":"","format":"standard","meta":{"om_disable_all_campaigns":false,"_monsterinsights_skip_tracking":false,"_monsterinsights_sitenote_active":false,"_monsterinsights_sitenote_note":"","_monsterinsights_sitenote_category":0,"footnotes":""},"categories":[110,106,102],"tags":[197,259,136],"class_list":["post-5538","post","type-post","status-publish","format-standard","has-post-thumbnail","hentry","category-bolivar","category-deporte","category-generales","tag-alcaldia-cartagena-de-indias","tag-gobernacion-de-bolivar","tag-iderbol"],"_links":{"self":[{"href":"https:\/\/cartagenaaldia.com\/index.php\/wp-json\/wp\/v2\/posts\/5538","targetHints":{"allow":["GET"]}}],"collection":[{"href":"https:\/\/cartagenaaldia.com\/index.php\/wp-json\/wp\/v2\/posts"}],"about":[{"href":"https:\/\/cartagenaaldia.com\/index.php\/wp-json\/wp\/v2\/types\/post"}],"author":[{"embeddable":true,"href":"https:\/\/cartagenaaldia.com\/index.php\/wp-json\/wp\/v2\/users\/2"}],"replies":[{"embeddable":true,"href":"https:\/\/cartagenaaldia.com\/index.php\/wp-json\/wp\/v2\/comments?post=5538"}],"version-history":[{"count":1,"href":"https:\/\/cartagenaaldia.com\/index.php\/wp-json\/wp\/v2\/posts\/5538\/revisions"}],"predecessor-version":[{"id":5540,"href":"https:\/\/cartagenaaldia.com\/index.php\/wp-json\/wp\/v2\/posts\/5538\/revisions\/5540"}],"wp:featuredmedia":[{"embeddable":true,"href":"https:\/\/cartagenaaldia.com\/index.php\/wp-json\/wp\/v2\/media\/5539"}],"wp:attachment":[{"href":"https:\/\/cartagenaaldia.com\/index.php\/wp-json\/wp\/v2\/media?parent=5538"}],"wp:term":[{"taxonomy":"category","embeddable":true,"href":"https:\/\/cartagenaaldia.com\/index.php\/wp-json\/wp\/v2\/categories?post=5538"},{"taxonomy":"post_tag","embeddable":true,"href":"https:\/\/cartagenaaldia.com\/index.php\/wp-json\/wp\/v2\/tags?post=5538"}],"curies":[{"name":"wp","href":"https:\/\/api.w.org\/{rel}","templated":true}]}}