{"id":5503,"date":"2024-03-15T12:50:17","date_gmt":"2024-03-15T17:50:17","guid":{"rendered":"https:\/\/cartagenaaldia.com\/?p=5503"},"modified":"2024-03-15T12:50:17","modified_gmt":"2024-03-15T17:50:17","slug":"activa-participacion-de-los-actores-del-turismo-en-el-plan-de-desarrollo","status":"publish","type":"post","link":"https:\/\/cartagenaaldia.com\/index.php\/2024\/03\/15\/activa-participacion-de-los-actores-del-turismo-en-el-plan-de-desarrollo\/","title":{"rendered":"Activa participaci\u00f3n de los actores del turismo en el plan de desarrollo"},"content":{"rendered":"\n<p>Gran participaci\u00f3n de todos los actores de playa tuvo la mesa de turismo que entreg\u00f3 aportes valiosos para la construcci\u00f3n del plan de desarrollo de Cartagena de Indias para el cuatrienio 2024-2027 del gobierno del alcalde Dumek Turbay Paz.<\/p>\n\n\n\n<p>La asistencia fue de m\u00e1s de 120 personas de diferentes zonas de la ciudad quienes realizaron innovadoras propuestas enfocadas en las l\u00edneas de:<\/p>\n\n\n\n<ul class=\"wp-block-list\">\n<li>gobernanza,<\/li>\n\n\n\n<li>turismo inclusivo y comunitario,<\/li>\n\n\n\n<li>promoci\u00f3n nacional e internacional,<\/li>\n\n\n\n<li>infraestructura tur\u00edstica,<\/li>\n\n\n\n<li>competitividad y sostenibilidad tur\u00edstica,<\/li>\n\n\n\n<li>promoci\u00f3n tur\u00edstica y mercadeo.<\/li>\n<\/ul>\n\n\n\n<p>\u201cEstamos muy agradecidos con el sector tur\u00edstico por el gran inter\u00e9s que han mostrado para participar en esta mesa, tenemos grandes expectativas de poder construir esas l\u00edneas estrat\u00e9gicas para el turismo, tenemos varios frentes de acci\u00f3n como el multiling\u00fcismo, el fomento al turismo comunitario,&nbsp; el ordenamiento de las playas y el aprovechamiento de los cuerpos de agua como ca\u00f1os, ci\u00e9nagas y lagunas\u201d, expres\u00f3&nbsp; Liliana Rodr\u00edguez Hurtado, Presidenta Ejecutiva de la Corporaci\u00f3n de Turismo Cartagena de Indias- Corpoturismo.<\/p>\n\n\n\n<p><strong>Algunas propuestas<\/strong><\/p>\n\n\n\n<ul class=\"wp-block-list\">\n<li>La puesta en marcha de una Pol\u00edtica P\u00fablica de Turismo,<\/li>\n\n\n\n<li>la terminal mar\u00edtima de Cartagena,<\/li>\n\n\n\n<li>ejecuci\u00f3n de&nbsp; proyectos de infraestructura n\u00e1utica y tur\u00edstica,<\/li>\n\n\n\n<li>ampliaci\u00f3n del Muelle de La Bodeguita,<\/li>\n\n\n\n<li>diversificaci\u00f3n de la oferta tur\u00edstica de la ciudad hacia un turismo comunitario y\/o alternativo.<\/li>\n<\/ul>\n\n\n\n<p>Las mesas se extender\u00e1n hasta el pr\u00f3ximo mes de abril.<\/p>\n","protected":false},"excerpt":{"rendered":"<p>Con una amplia asistencia, en el emblem\u00e1tico Claustro de la Merced de la Universidad de Cartagena, los participantes dejaron sobre la mesa innovadoras propuestas para el fortalecimiento del sector tur\u00edstico en la ciudad, uno de los principales motores del desarrollo econ\u00f3mico de La Heroica.<\/p>\n","protected":false},"author":2,"featured_media":5504,"comment_status":"closed","ping_status":"closed","sticky":false,"template":"","format":"standard","meta":{"om_disable_all_campaigns":false,"_monsterinsights_skip_tracking":false,"_monsterinsights_sitenote_active":false,"_monsterinsights_sitenote_note":"","_monsterinsights_sitenote_category":0,"footnotes":""},"categories":[103,102,104],"tags":[275,197,195,194,244],"class_list":["post-5503","post","type-post","status-publish","format-standard","has-post-thumbnail","hentry","category-economia","category-generales","category-turismo","tag-alcaldia-cartagena","tag-alcaldia-cartagena-de-indias","tag-corporacion-turismo-cartagena-de-indias","tag-corpoturismo","tag-dumek-turbay"],"_links":{"self":[{"href":"https:\/\/cartagenaaldia.com\/index.php\/wp-json\/wp\/v2\/posts\/5503","targetHints":{"allow":["GET"]}}],"collection":[{"href":"https:\/\/cartagenaaldia.com\/index.php\/wp-json\/wp\/v2\/posts"}],"about":[{"href":"https:\/\/cartagenaaldia.com\/index.php\/wp-json\/wp\/v2\/types\/post"}],"author":[{"embeddable":true,"href":"https:\/\/cartagenaaldia.com\/index.php\/wp-json\/wp\/v2\/users\/2"}],"replies":[{"embeddable":true,"href":"https:\/\/cartagenaaldia.com\/index.php\/wp-json\/wp\/v2\/comments?post=5503"}],"version-history":[{"count":1,"href":"https:\/\/cartagenaaldia.com\/index.php\/wp-json\/wp\/v2\/posts\/5503\/revisions"}],"predecessor-version":[{"id":5505,"href":"https:\/\/cartagenaaldia.com\/index.php\/wp-json\/wp\/v2\/posts\/5503\/revisions\/5505"}],"wp:featuredmedia":[{"embeddable":true,"href":"https:\/\/cartagenaaldia.com\/index.php\/wp-json\/wp\/v2\/media\/5504"}],"wp:attachment":[{"href":"https:\/\/cartagenaaldia.com\/index.php\/wp-json\/wp\/v2\/media?parent=5503"}],"wp:term":[{"taxonomy":"category","embeddable":true,"href":"https:\/\/cartagenaaldia.com\/index.php\/wp-json\/wp\/v2\/categories?post=5503"},{"taxonomy":"post_tag","embeddable":true,"href":"https:\/\/cartagenaaldia.com\/index.php\/wp-json\/wp\/v2\/tags?post=5503"}],"curies":[{"name":"wp","href":"https:\/\/api.w.org\/{rel}","templated":true}]}}