{"id":5487,"date":"2024-03-11T11:04:51","date_gmt":"2024-03-11T16:04:51","guid":{"rendered":"https:\/\/cartagenaaldia.com\/?p=5487"},"modified":"2024-03-11T11:04:51","modified_gmt":"2024-03-11T16:04:51","slug":"bus-de-periodistas-sufrio-atentado","status":"publish","type":"post","link":"https:\/\/cartagenaaldia.com\/index.php\/2024\/03\/11\/bus-de-periodistas-sufrio-atentado\/","title":{"rendered":"Bus de periodistas sufri\u00f3 atentado"},"content":{"rendered":"\n<p>A la altura del municipio de Sabana Larga el bus donde se transportaban los periodistas a cubrir el partido entre Uni\u00f3n Magdalena Vs Real Cartagena fue impactado por un objeto contundente.<\/p>\n\n\n\n<p>Dos individuos con capucha que se movilizaban en motocicleta por la v\u00eda la Cordialidad en el sentido Barranquilla &#8211; Cartagena lanzaron el objeto que rompi\u00f3 el vidrio de seguridad del veh\u00edculo de transporte especial.<\/p>\n\n\n\n<p>&#8220;Tremendo susto, yo estaba dormido.&#8221; Dijo uno de los periodistas que estaba sentado en el costado derecho del bus donde impacto el objeto que rompi\u00f3 el vidrio.<\/p>\n","protected":false},"excerpt":{"rendered":"<p>En momentos en que se transportaban periodistas al partido Uni\u00f3n Magdalena Vs Real Cartagena sufri\u00f3 atentado.<\/p>\n","protected":false},"author":2,"featured_media":5488,"comment_status":"closed","ping_status":"closed","sticky":false,"template":"","format":"standard","meta":{"om_disable_all_campaigns":false,"_monsterinsights_skip_tracking":false,"_monsterinsights_sitenote_active":false,"_monsterinsights_sitenote_note":"","_monsterinsights_sitenote_category":0,"footnotes":""},"categories":[106,102],"tags":[139],"class_list":["post-5487","post","type-post","status-publish","format-standard","has-post-thumbnail","hentry","category-deporte","category-generales","tag-real-cartagena"],"_links":{"self":[{"href":"https:\/\/cartagenaaldia.com\/index.php\/wp-json\/wp\/v2\/posts\/5487","targetHints":{"allow":["GET"]}}],"collection":[{"href":"https:\/\/cartagenaaldia.com\/index.php\/wp-json\/wp\/v2\/posts"}],"about":[{"href":"https:\/\/cartagenaaldia.com\/index.php\/wp-json\/wp\/v2\/types\/post"}],"author":[{"embeddable":true,"href":"https:\/\/cartagenaaldia.com\/index.php\/wp-json\/wp\/v2\/users\/2"}],"replies":[{"embeddable":true,"href":"https:\/\/cartagenaaldia.com\/index.php\/wp-json\/wp\/v2\/comments?post=5487"}],"version-history":[{"count":1,"href":"https:\/\/cartagenaaldia.com\/index.php\/wp-json\/wp\/v2\/posts\/5487\/revisions"}],"predecessor-version":[{"id":5489,"href":"https:\/\/cartagenaaldia.com\/index.php\/wp-json\/wp\/v2\/posts\/5487\/revisions\/5489"}],"wp:featuredmedia":[{"embeddable":true,"href":"https:\/\/cartagenaaldia.com\/index.php\/wp-json\/wp\/v2\/media\/5488"}],"wp:attachment":[{"href":"https:\/\/cartagenaaldia.com\/index.php\/wp-json\/wp\/v2\/media?parent=5487"}],"wp:term":[{"taxonomy":"category","embeddable":true,"href":"https:\/\/cartagenaaldia.com\/index.php\/wp-json\/wp\/v2\/categories?post=5487"},{"taxonomy":"post_tag","embeddable":true,"href":"https:\/\/cartagenaaldia.com\/index.php\/wp-json\/wp\/v2\/tags?post=5487"}],"curies":[{"name":"wp","href":"https:\/\/api.w.org\/{rel}","templated":true}]}}