{"id":5475,"date":"2024-03-10T15:45:50","date_gmt":"2024-03-10T20:45:50","guid":{"rendered":"https:\/\/cartagenaaldia.com\/?p=5475"},"modified":"2024-03-10T15:45:51","modified_gmt":"2024-03-10T20:45:51","slug":"pambele-nombrado-profesor-honorifico-deportivo","status":"publish","type":"post","link":"https:\/\/cartagenaaldia.com\/index.php\/2024\/03\/10\/pambele-nombrado-profesor-honorifico-deportivo\/","title":{"rendered":"\u201cPambel\u00e9\u201d Nombrado Profesor Honorifico Deportivo"},"content":{"rendered":"\n<p><strong>Sala Redacci\u00f3n. &#8211; <\/strong>En ceremonia de gala el campe\u00f3n mundial de boxeo en la divisi\u00f3n W\u00e9lter Ligero, Antonio Cervantes Reyes \u201cKid Pambel\u00e9\u201d recibi\u00f3 el t\u00edtulo de Profesor Honorifico Deportivo.<\/p>\n\n\n\n<p>La ceremonia fue realizada en acto p\u00fablico y solemne por parte de la Universidad Bicentenaria de Aragua en una decisi\u00f3n del consejo universitario celebrada el 11 de diciembre de 2023 en la Rep\u00fablica Bolivariana de Venezuela.<\/p>\n\n\n\n<p>Se recuerda que en la Mestranza &#8220;Cesar Gir\u00f3n&#8221; Kid Pambel\u00e9 peleo en 8 ocasiones.<\/p>\n\n\n\n<p>La contundente victoria del 17 de marzo de 1974 ante Nicolino Loche, fue el punto de partida de la transformaci\u00f3n de Antonio Cervantes Reyes<\/p>\n\n\n\n<p>Cortes\u00eda de Freddy Jinete Daza &#8220;En la Ruta de Cervantes&#8221;<\/p>\n\n\n\n<figure class=\"wp-block-gallery has-nested-images columns-default is-cropped wp-block-gallery-1 is-layout-flex wp-block-gallery-is-layout-flex\">\n<figure class=\"wp-block-image size-large\"><img fetchpriority=\"high\" decoding=\"async\" width=\"1024\" height=\"1024\" data-id=\"5478\" src=\"https:\/\/cartagenaaldia.com\/wp-content\/uploads\/2024\/03\/Pambele-1-1024x1024.jpg\" alt=\"\" class=\"wp-image-5478\"\/><\/figure>\n\n\n\n<figure class=\"wp-block-image size-large\"><img decoding=\"async\" width=\"1024\" height=\"1024\" data-id=\"5477\" src=\"https:\/\/cartagenaaldia.com\/wp-content\/uploads\/2024\/03\/Pambele-1024x1024.jpg\" alt=\"\" class=\"wp-image-5477\"\/><\/figure>\n<\/figure>\n","protected":false},"excerpt":{"rendered":"<p>La Universidad Bicentenaria de Aragua decidi\u00f3 nombrar como profesor honorifico deportivo al boxeador bolivarense Antonio Cervantes Reyes \u201cKid Pambel\u00e9\u201d en la Rep\u00fablica Bolivariana de Venezuela.<\/p>\n","protected":false},"author":2,"featured_media":5476,"comment_status":"closed","ping_status":"closed","sticky":false,"template":"","format":"standard","meta":{"om_disable_all_campaigns":false,"_monsterinsights_skip_tracking":false,"_monsterinsights_sitenote_active":false,"_monsterinsights_sitenote_note":"","_monsterinsights_sitenote_category":0,"footnotes":""},"categories":[106,102],"tags":[387],"class_list":["post-5475","post","type-post","status-publish","format-standard","has-post-thumbnail","hentry","category-deporte","category-generales","tag-kid-pambele"],"_links":{"self":[{"href":"https:\/\/cartagenaaldia.com\/index.php\/wp-json\/wp\/v2\/posts\/5475","targetHints":{"allow":["GET"]}}],"collection":[{"href":"https:\/\/cartagenaaldia.com\/index.php\/wp-json\/wp\/v2\/posts"}],"about":[{"href":"https:\/\/cartagenaaldia.com\/index.php\/wp-json\/wp\/v2\/types\/post"}],"author":[{"embeddable":true,"href":"https:\/\/cartagenaaldia.com\/index.php\/wp-json\/wp\/v2\/users\/2"}],"replies":[{"embeddable":true,"href":"https:\/\/cartagenaaldia.com\/index.php\/wp-json\/wp\/v2\/comments?post=5475"}],"version-history":[{"count":1,"href":"https:\/\/cartagenaaldia.com\/index.php\/wp-json\/wp\/v2\/posts\/5475\/revisions"}],"predecessor-version":[{"id":5479,"href":"https:\/\/cartagenaaldia.com\/index.php\/wp-json\/wp\/v2\/posts\/5475\/revisions\/5479"}],"wp:featuredmedia":[{"embeddable":true,"href":"https:\/\/cartagenaaldia.com\/index.php\/wp-json\/wp\/v2\/media\/5476"}],"wp:attachment":[{"href":"https:\/\/cartagenaaldia.com\/index.php\/wp-json\/wp\/v2\/media?parent=5475"}],"wp:term":[{"taxonomy":"category","embeddable":true,"href":"https:\/\/cartagenaaldia.com\/index.php\/wp-json\/wp\/v2\/categories?post=5475"},{"taxonomy":"post_tag","embeddable":true,"href":"https:\/\/cartagenaaldia.com\/index.php\/wp-json\/wp\/v2\/tags?post=5475"}],"curies":[{"name":"wp","href":"https:\/\/api.w.org\/{rel}","templated":true}]}}