{"id":5466,"date":"2024-03-07T18:08:26","date_gmt":"2024-03-07T23:08:26","guid":{"rendered":"https:\/\/cartagenaaldia.com\/?p=5466"},"modified":"2024-03-07T18:08:26","modified_gmt":"2024-03-07T23:08:26","slug":"transicion-energetica-necesita-condiciones-apropiadas","status":"publish","type":"post","link":"https:\/\/cartagenaaldia.com\/index.php\/2024\/03\/07\/transicion-energetica-necesita-condiciones-apropiadas\/","title":{"rendered":"Transici\u00f3n Energ\u00e9tica Necesita Condiciones Apropiadas"},"content":{"rendered":"\n<p><strong>Sala Redacci\u00f3n. &#8211;<\/strong> Se instal\u00f3 en el Centro de Convenciones de Cartagena de Indias el evento del sector de hidrocarburos, miner\u00eda y energ\u00eda de la ANDI \u2018Colombia Genera\u2019, cuyo tema central es la transici\u00f3n energ\u00e9tica.<\/p>\n\n\n\n<p>En este sentido, el presidente de la asociaci\u00f3n, Bruce Mac Master, se\u00f1al\u00f3 que, para avanzar en esta v\u00eda, es necesario que se brinde confianza al sistema, estabilidad regulatoria y se\u00f1ales de inversi\u00f3n oportunas.<\/p>\n\n\n\n<p>\u201cSi queremos tener una posici\u00f3n seria alrededor de la transici\u00f3n energ\u00e9tica, debemos tener la capacidad de hacerlo en forma inteligente, estrat\u00e9gica, organizada; y en una forma mediante la cual el Estado brinde condiciones efectivas para que el sector privado pueda interesarse, participar e invertir\u201d, se\u00f1al\u00f3 Mac Master.&nbsp;<\/p>\n\n\n\n<p>Durante su intervenci\u00f3n en el evento, el dirigente gremial se\u00f1al\u00f3 que, de acuerdo con la hoja de Ruta de la Transici\u00f3n Energ\u00e9tica planteada por el Gobierno Nacional, Colombia tiene que aumentar su capacidad de generaci\u00f3n de energ\u00eda en 116% para el 2030 y en el 360% para el 2050.<\/p>\n\n\n\n<p>\u201cPara cumplirlo se requerir\u00eda crecer en capacidad instalada el\u00e9ctrica 11% anualmente entre 2023 y 2030 y 3,5% anual entre 2030 y 2050. En ese sentido, se requiere que exista un ambiente apropiado para la inversi\u00f3n y que se puedan garantizar tiempos m\u00e1ximos para los procesos de licenciamiento ambiental y de consulta previa\u201d, asever\u00f3.<\/p>\n\n\n\n<p>Cabe se\u00f1alar que en 2023 el sector de miner\u00eda (2,4%), hidrocarburos (3,1%) y energ\u00eda (3,1%) aportaron en conjunto el 8,6% del Producto Interno Bruto nacional, lo que sum\u00f3 $136,5 billones. Adem\u00e1s, aport\u00f3 el 25,8% del total del impuesto de renta, en promedio, entre 2018 y 2022, siendo el rengl\u00f3n de la econom\u00eda m\u00e1s significativo en este sentido. Adicionalmente, en 2023 se emplearon a m\u00e1s de 589 mil personas en todo el pa\u00eds.<\/p>\n\n\n\n<p>A nivel de regal\u00edas, la miner\u00eda y los hidrocarburos aportaron $17,2 billones al pa\u00eds en 2023 y, de hecho, la miner\u00eda registr\u00f3 un incremento significativo en estas contribuciones en los \u00faltimos a\u00f1os, pasando de entregar $1,9 billones en 2021, a $6,1 billones en 2022 y $9,2 billones en 2023.<\/p>\n\n\n\n<p>De otro lado, el presidente de la ANDI se\u00f1al\u00f3 que el aporte fiscal que hacen el petr\u00f3leo y el carb\u00f3n en el pa\u00eds suma alrededor de $56,1 billones, entre renta, regal\u00edas y dividendos de Ecopetrol.&nbsp; Haciendo un ejercicio para entender la dimensi\u00f3n de esto, se compar\u00f3 cu\u00e1nto necesitar\u00edan crecer otros sectores para reemplazar dichos aportes, concluyendo que, por ejemplo, el turismo tendr\u00eda que crecer 42,5 veces, el sector agropecuario tendr\u00eda que crecer 26,7 veces y las manufacturas tendr\u00edan que crecer 5 veces.<\/p>\n\n\n\n<p>As\u00ed mismo, para equiparar las exportaciones logradas en 2022 de petr\u00f3leo y carb\u00f3n, que sumaron US$20.482 millones, se tendr\u00edan que multiplicar las ventas externas en 5,7 veces a nivel de turismo, 5,3 veces en el sector agropecuario y 1,8 veces en las manufacturas.<\/p>\n\n\n\n<figure class=\"wp-block-gallery has-nested-images columns-default is-cropped wp-block-gallery-1 is-layout-flex wp-block-gallery-is-layout-flex\">\n<figure class=\"wp-block-image size-large\"><img fetchpriority=\"high\" decoding=\"async\" width=\"800\" height=\"800\" data-id=\"5292\" src=\"https:\/\/cartagenaaldia.com\/wp-content\/uploads\/2024\/02\/Carrusel-CamCamara-Feb-2024.gif\" alt=\"\" class=\"wp-image-5292\"\/><\/figure>\n\n\n\n<figure class=\"wp-block-image size-large\"><img decoding=\"async\" width=\"1024\" height=\"1024\" data-id=\"5380\" src=\"https:\/\/cartagenaaldia.com\/wp-content\/uploads\/2022\/06\/Serena-del-Mar-1024x1024.jpg\" alt=\"\" class=\"wp-image-5380\"\/><\/figure>\n<\/figure>\n","protected":false},"excerpt":{"rendered":"<p>\u201cPara avanzar de manera acertada en la transici\u00f3n energ\u00e9tica, son necesarias condiciones apropiadas que incentiven la inversi\u00f3n del sector productivo\u201d: ANDI<\/p>\n","protected":false},"author":2,"featured_media":5467,"comment_status":"closed","ping_status":"closed","sticky":false,"template":"","format":"standard","meta":{"om_disable_all_campaigns":false,"_monsterinsights_skip_tracking":false,"_monsterinsights_sitenote_active":false,"_monsterinsights_sitenote_note":"","_monsterinsights_sitenote_category":0,"footnotes":""},"categories":[115,103,102],"tags":[222],"class_list":["post-5466","post","type-post","status-publish","format-standard","has-post-thumbnail","hentry","category-colombia","category-economia","category-generales","tag-andi"],"_links":{"self":[{"href":"https:\/\/cartagenaaldia.com\/index.php\/wp-json\/wp\/v2\/posts\/5466","targetHints":{"allow":["GET"]}}],"collection":[{"href":"https:\/\/cartagenaaldia.com\/index.php\/wp-json\/wp\/v2\/posts"}],"about":[{"href":"https:\/\/cartagenaaldia.com\/index.php\/wp-json\/wp\/v2\/types\/post"}],"author":[{"embeddable":true,"href":"https:\/\/cartagenaaldia.com\/index.php\/wp-json\/wp\/v2\/users\/2"}],"replies":[{"embeddable":true,"href":"https:\/\/cartagenaaldia.com\/index.php\/wp-json\/wp\/v2\/comments?post=5466"}],"version-history":[{"count":1,"href":"https:\/\/cartagenaaldia.com\/index.php\/wp-json\/wp\/v2\/posts\/5466\/revisions"}],"predecessor-version":[{"id":5468,"href":"https:\/\/cartagenaaldia.com\/index.php\/wp-json\/wp\/v2\/posts\/5466\/revisions\/5468"}],"wp:featuredmedia":[{"embeddable":true,"href":"https:\/\/cartagenaaldia.com\/index.php\/wp-json\/wp\/v2\/media\/5467"}],"wp:attachment":[{"href":"https:\/\/cartagenaaldia.com\/index.php\/wp-json\/wp\/v2\/media?parent=5466"}],"wp:term":[{"taxonomy":"category","embeddable":true,"href":"https:\/\/cartagenaaldia.com\/index.php\/wp-json\/wp\/v2\/categories?post=5466"},{"taxonomy":"post_tag","embeddable":true,"href":"https:\/\/cartagenaaldia.com\/index.php\/wp-json\/wp\/v2\/tags?post=5466"}],"curies":[{"name":"wp","href":"https:\/\/api.w.org\/{rel}","templated":true}]}}