{"id":5463,"date":"2024-03-07T17:47:36","date_gmt":"2024-03-07T22:47:36","guid":{"rendered":"https:\/\/cartagenaaldia.com\/?p=5463"},"modified":"2024-03-07T17:47:36","modified_gmt":"2024-03-07T22:47:36","slug":"tecnologia-5g-de-claro-apoya-la-productividad-de-colombia","status":"publish","type":"post","link":"https:\/\/cartagenaaldia.com\/index.php\/2024\/03\/07\/tecnologia-5g-de-claro-apoya-la-productividad-de-colombia\/","title":{"rendered":"Tecnolog\u00eda 5G de Claro Apoya la Productividad de Colombia"},"content":{"rendered":"\n<p><strong>Cartagena, marzo 7 de 2024<\/strong>. En el marco de la novena versi\u00f3n del Claro Tech Summit, Claro Colombia anunci\u00f3 el desarrollo de soluciones empresariales basadas en 5G, que habilitan una nueva generaci\u00f3n de aplicaciones y tecnolog\u00edas de acceso para apalancar la transformaci\u00f3n digital con m\u00e1s conectividad, seguridad, Internet de las cosas, redes privadas y servicios de datacenter.<\/p>\n\n\n\n<p>\u201cLa puesta en funcionamiento de la red 5G de Claro, permite soportar procesos productivos basados en la automatizaci\u00f3n, mejorando las aplicaciones industriales, acelerando los procesos de transformaci\u00f3n digital, con capacidades para efectuar tareas esenciales en sectores como el minero energ\u00e9tico, portuario, manufacturero, log\u00edstico, entre otros, debido al aumento de la velocidad en la conectividad; apoyando la productividad, reduciendo los costos de producci\u00f3n e impulsando la econom\u00eda del pa\u00eds\u201d, destac\u00f3 Rodrigo de Gusmao, presidente de Claro Colombia.<\/p>\n\n\n\n<p>En materia de seguridad, por ejemplo, el 5G de Claro soportar\u00e1 nuevas funcionalidades como la fragmentaci\u00f3n de red, que le permite a las empresas un conjunto de controles m\u00e1s personalizados de seguridad para proteger sus redes privadas, reduciendo la superficie de ataques en el evento que se produzca una brecha de seguridad, controlando de manera eficiente la exposici\u00f3n al confinarla a solo una parte de la red.<\/p>\n\n\n\n<p>Por otra parte, en cuanto a la interconexi\u00f3n de dispositivos a trav\u00e9s del Internet de las Cosas (IoT) o de tecnolog\u00edas como Inteligencia Artificial y Big Data, el 5G permite a las empresas recopilar y analizar datos en tiempo real, desde el monitoreo en l\u00ednea hasta la optimizaci\u00f3n de la cadena de suministro, para impulsar la eficiencia operativa y crear nuevas oportunidades de negocio.<\/p>\n\n\n\n<p>A quince d\u00edas de su encendido, Claro es el operador con mayor cantidad de antenas 5G en Colombia con 930, el servicio de esta tecnolog\u00eda est\u00e1 disponible en seis ciudades del pa\u00eds y ya se trabaja en su expansi\u00f3n en 14 m\u00e1s para completar 20 en 2024.<\/p>\n\n\n\n<p>Esto se suma a la red 4G de mayor cobertura, presente en 1.102 cabeceras municipales y aproximadamente 800 peque\u00f1as localidades rurales, a los m\u00e1s de 115.000 kil\u00f3metros de fibra de \u00f3ptica desplegados por el territorio nacional, desde San Andr\u00e9s hasta Leticia, y al ecosistema m\u00e1s robusto de centros de datos del pa\u00eds con Triara en Bogot\u00e1 y Megacenter en Medell\u00edn, entre otros.<\/p>\n\n\n\n<p>La red 5G de Claro es posible gracias a la inversi\u00f3n realizada por la empresa, quien en la \u00faltima subasta del espectro para esta tecnolog\u00eda se comprometi\u00f3 con inversiones por COP $568 mil millones.<\/p>\n\n\n\n<figure class=\"wp-block-gallery has-nested-images columns-default is-cropped wp-block-gallery-1 is-layout-flex wp-block-gallery-is-layout-flex\">\n<figure class=\"wp-block-image size-large\"><img fetchpriority=\"high\" decoding=\"async\" width=\"1024\" height=\"1024\" data-id=\"5380\" src=\"https:\/\/cartagenaaldia.com\/wp-content\/uploads\/2022\/06\/Serena-del-Mar-1024x1024.jpg\" alt=\"\" class=\"wp-image-5380\"\/><\/figure>\n\n\n\n<figure class=\"wp-block-image size-large\"><img decoding=\"async\" width=\"800\" height=\"800\" data-id=\"5292\" src=\"https:\/\/cartagenaaldia.com\/wp-content\/uploads\/2024\/02\/Carrusel-CamCamara-Feb-2024.gif\" alt=\"\" class=\"wp-image-5292\"\/><\/figure>\n<\/figure>\n","protected":false},"excerpt":{"rendered":"<p>En el marco del Claro Tech Summit que cont\u00f3 con m\u00e1s de 200 empresarios se anunci\u00f3 el desarrollo de soluciones empresariales que apoya la productividad de Colombia. <\/p>\n","protected":false},"author":2,"featured_media":5464,"comment_status":"closed","ping_status":"closed","sticky":false,"template":"","format":"standard","meta":{"om_disable_all_campaigns":false,"_monsterinsights_skip_tracking":false,"_monsterinsights_sitenote_active":false,"_monsterinsights_sitenote_note":"","_monsterinsights_sitenote_category":0,"footnotes":""},"categories":[115,103,102],"tags":[222],"class_list":["post-5463","post","type-post","status-publish","format-standard","has-post-thumbnail","hentry","category-colombia","category-economia","category-generales","tag-andi"],"_links":{"self":[{"href":"https:\/\/cartagenaaldia.com\/index.php\/wp-json\/wp\/v2\/posts\/5463","targetHints":{"allow":["GET"]}}],"collection":[{"href":"https:\/\/cartagenaaldia.com\/index.php\/wp-json\/wp\/v2\/posts"}],"about":[{"href":"https:\/\/cartagenaaldia.com\/index.php\/wp-json\/wp\/v2\/types\/post"}],"author":[{"embeddable":true,"href":"https:\/\/cartagenaaldia.com\/index.php\/wp-json\/wp\/v2\/users\/2"}],"replies":[{"embeddable":true,"href":"https:\/\/cartagenaaldia.com\/index.php\/wp-json\/wp\/v2\/comments?post=5463"}],"version-history":[{"count":1,"href":"https:\/\/cartagenaaldia.com\/index.php\/wp-json\/wp\/v2\/posts\/5463\/revisions"}],"predecessor-version":[{"id":5465,"href":"https:\/\/cartagenaaldia.com\/index.php\/wp-json\/wp\/v2\/posts\/5463\/revisions\/5465"}],"wp:featuredmedia":[{"embeddable":true,"href":"https:\/\/cartagenaaldia.com\/index.php\/wp-json\/wp\/v2\/media\/5464"}],"wp:attachment":[{"href":"https:\/\/cartagenaaldia.com\/index.php\/wp-json\/wp\/v2\/media?parent=5463"}],"wp:term":[{"taxonomy":"category","embeddable":true,"href":"https:\/\/cartagenaaldia.com\/index.php\/wp-json\/wp\/v2\/categories?post=5463"},{"taxonomy":"post_tag","embeddable":true,"href":"https:\/\/cartagenaaldia.com\/index.php\/wp-json\/wp\/v2\/tags?post=5463"}],"curies":[{"name":"wp","href":"https:\/\/api.w.org\/{rel}","templated":true}]}}