{"id":5459,"date":"2024-03-07T08:51:39","date_gmt":"2024-03-07T13:51:39","guid":{"rendered":"https:\/\/cartagenaaldia.com\/?p=5459"},"modified":"2024-03-07T08:51:40","modified_gmt":"2024-03-07T13:51:40","slug":"aterriza-nuevamente-una-mujer-en-el-ministerio-del-deporte","status":"publish","type":"post","link":"https:\/\/cartagenaaldia.com\/index.php\/2024\/03\/07\/aterriza-nuevamente-una-mujer-en-el-ministerio-del-deporte\/","title":{"rendered":"Aterriza Nuevamente una Mujer en el Ministerio del Deporte"},"content":{"rendered":"\n<h4 class=\"wp-block-heading\"><strong>Luz Cristina L\u00f3pez Trejos Nueva Ministra del Deporte<\/strong><\/h4>\n\n\n\n<p><strong>Sala Redacci\u00f3n. &#8211;<\/strong> En la Casa de Nari\u00f1o y ante el presidente de la Rep\u00fablica, Gustavo Petro Urrego, tom\u00f3 posesi\u00f3n como ministra del Deporte, Luz Cristina L\u00f3pez Trejos, licenciada en educaci\u00f3n f\u00edsica, recreaci\u00f3n y deporte, abogada y administradora de empresas y que, adem\u00e1s, cuenta con experiencia en el deporte asociado ol\u00edmpico y paral\u00edmpico.<\/p>\n\n\n\n<p>&#8220;Vamos a trabajar en conjunto con los municipios y departamentos del pa\u00eds para llevarle a la ni\u00f1ez de Colombia, j\u00f3venes, adultos y personas mayores nuestras mejores estrategias para promover bienestar, calidad de vida, convivencia y paz&#8221;, fueron las palabras de L\u00f3pez Trejos tras su posesi\u00f3n. &#8220;Para poder cumplir estas metas no solo nos acompa\u00f1ar\u00e1n los ciudadanos y profesionales, sino tambi\u00e9n los atletas y para atletas que tanto trabajo hacen para dejar el nombre del pa\u00eds en alto. No vamos a tener mejores embajadores que ellos&#8221;, a\u00f1adi\u00f3.<br><br>El derecho al acceso al deporte, la recreaci\u00f3n y la actividad f\u00edsica de ni\u00f1as, ni\u00f1os, j\u00f3venes y personas de todo el curso de vida, en el territorio nacional, son los principales retos que tiene la cartera, seg\u00fan qued\u00f3 establecido en el Plan Nacional de Desarrollo.<br><br>El presidente Gustavo Petro hizo menci\u00f3n a la importancia del trabajo intersectorial. &#8220;M\u00e1s educaci\u00f3n significa que en los colegios p\u00fablicos de Colombia se entregue educaci\u00f3n f\u00edsica, que es fundamental como un determinante para la salud. La ni\u00f1ez deber\u00eda tener acceso a la educaci\u00f3n f\u00edsica, por lo que hay que recuperarla como un derecho fundamental&#8221;.&nbsp;<br><br>Luz Cristina L\u00f3pez, cuenta con 22 a\u00f1os de experiencia como docente en educaci\u00f3n superior, es Mag\u00edster en Pedagog\u00edas Activas y Desarrollo Humano; fue decana de la facultad de Cultura F\u00edsica de la Universidad Santo Tom\u00e1s.<br><br>As\u00ed mismo, trabaj\u00f3 en el sistema deportivo paral\u00edmpico durante nueve a\u00f1os ejerciendo cargos como directora de operaciones de los Juegos Parapanamericanos Juveniles Bogot\u00e1 2023; Coordinadora Jur\u00eddica y Gerente General del Comit\u00e9 Paral\u00edmpico Colombiano. Tambi\u00e9n trabaj\u00f3 en el sistema ol\u00edmpico como Directora Ejecutiva de la Academia Ol\u00edmpica y como Directora Acad\u00e9mica del Comit\u00e9 Ol\u00edmpico Colombiano.<\/p>\n\n\n\n<figure class=\"wp-block-gallery has-nested-images columns-default is-cropped wp-block-gallery-1 is-layout-flex wp-block-gallery-is-layout-flex\">\n<figure class=\"wp-block-image size-large\"><img fetchpriority=\"high\" decoding=\"async\" width=\"800\" height=\"800\" data-id=\"5292\" src=\"https:\/\/cartagenaaldia.com\/wp-content\/uploads\/2024\/02\/Carrusel-CamCamara-Feb-2024.gif\" alt=\"\" class=\"wp-image-5292\"\/><\/figure>\n\n\n\n<figure class=\"wp-block-image size-large\"><img decoding=\"async\" width=\"1024\" height=\"1024\" data-id=\"5380\" src=\"https:\/\/cartagenaaldia.com\/wp-content\/uploads\/2022\/06\/Serena-del-Mar-1024x1024.jpg\" alt=\"\" class=\"wp-image-5380\"\/><\/figure>\n<\/figure>\n","protected":false},"excerpt":{"rendered":"<p>La nueva Ministra del Deporte es Abogada y Administradora de Empresas y Licenciada en educaci\u00f3n F\u00edsica, Recreaci\u00f3n y Deportes con experiencia en el deporte asociado Ol\u00edmpico y Paral\u00edmpico.<\/p>\n","protected":false},"author":2,"featured_media":5461,"comment_status":"closed","ping_status":"closed","sticky":false,"template":"","format":"standard","meta":{"om_disable_all_campaigns":false,"_monsterinsights_skip_tracking":false,"_monsterinsights_sitenote_active":false,"_monsterinsights_sitenote_note":"","_monsterinsights_sitenote_category":0,"footnotes":""},"categories":[115,106,102],"tags":[117],"class_list":["post-5459","post","type-post","status-publish","format-standard","has-post-thumbnail","hentry","category-colombia","category-deporte","category-generales","tag-mindeporte"],"_links":{"self":[{"href":"https:\/\/cartagenaaldia.com\/index.php\/wp-json\/wp\/v2\/posts\/5459","targetHints":{"allow":["GET"]}}],"collection":[{"href":"https:\/\/cartagenaaldia.com\/index.php\/wp-json\/wp\/v2\/posts"}],"about":[{"href":"https:\/\/cartagenaaldia.com\/index.php\/wp-json\/wp\/v2\/types\/post"}],"author":[{"embeddable":true,"href":"https:\/\/cartagenaaldia.com\/index.php\/wp-json\/wp\/v2\/users\/2"}],"replies":[{"embeddable":true,"href":"https:\/\/cartagenaaldia.com\/index.php\/wp-json\/wp\/v2\/comments?post=5459"}],"version-history":[{"count":2,"href":"https:\/\/cartagenaaldia.com\/index.php\/wp-json\/wp\/v2\/posts\/5459\/revisions"}],"predecessor-version":[{"id":5462,"href":"https:\/\/cartagenaaldia.com\/index.php\/wp-json\/wp\/v2\/posts\/5459\/revisions\/5462"}],"wp:featuredmedia":[{"embeddable":true,"href":"https:\/\/cartagenaaldia.com\/index.php\/wp-json\/wp\/v2\/media\/5461"}],"wp:attachment":[{"href":"https:\/\/cartagenaaldia.com\/index.php\/wp-json\/wp\/v2\/media?parent=5459"}],"wp:term":[{"taxonomy":"category","embeddable":true,"href":"https:\/\/cartagenaaldia.com\/index.php\/wp-json\/wp\/v2\/categories?post=5459"},{"taxonomy":"post_tag","embeddable":true,"href":"https:\/\/cartagenaaldia.com\/index.php\/wp-json\/wp\/v2\/tags?post=5459"}],"curies":[{"name":"wp","href":"https:\/\/api.w.org\/{rel}","templated":true}]}}