{"id":5425,"date":"2024-02-24T15:53:00","date_gmt":"2024-02-24T20:53:00","guid":{"rendered":"https:\/\/cartagenaaldia.com\/?p=5425"},"modified":"2024-02-24T15:53:01","modified_gmt":"2024-02-24T20:53:01","slug":"caseta-del-peaje-de-turbaco-no-se-levantan","status":"publish","type":"post","link":"https:\/\/cartagenaaldia.com\/index.php\/2024\/02\/24\/caseta-del-peaje-de-turbaco-no-se-levantan\/","title":{"rendered":"Caseta del peaje de Turbaco no se levantan"},"content":{"rendered":"\n<p>La Agencia Nacional de Infraestructura (ANI) dio a conocer a trav\u00e9s de Twitter que las casetas del peaje de Turbaco no se levantan. El peaje sigue y lo que se ha logrado es una prorroga en el cobro por parte de Autopistas del Caribe a las categor\u00eda 1 y 2.<\/p>\n\n\n\n<p>La resoluci\u00f3n que sustenta la prorroga es la 20243040005795 del 15 de febrero de 2024.<\/p>\n\n\n\n<p>La ANI a trav\u00e9s de la red social &#8220;X&#8221; resalta que la informaci\u00f3n que circul\u00f3 sobre el levantamiento de las casetas de peajes es falsa y reitera que lo que sigue son di\u00e1logos con las comunidades.<\/p>\n","protected":false},"excerpt":{"rendered":"<p>La Agencia Nacional de Infraestructura confirma que las casetas de peajes de Turbaco no se levantan y se da una prorroga para poder dialogar y decir la forma en que se contin\u00faen las obras de infraestructura en Bol\u00edvar. <\/p>\n","protected":false},"author":2,"featured_media":5426,"comment_status":"closed","ping_status":"closed","sticky":false,"template":"","format":"standard","meta":{"om_disable_all_campaigns":false,"_monsterinsights_skip_tracking":false,"_monsterinsights_sitenote_active":false,"_monsterinsights_sitenote_note":"","_monsterinsights_sitenote_category":0,"footnotes":""},"categories":[110,115,103],"tags":[],"class_list":["post-5425","post","type-post","status-publish","format-standard","has-post-thumbnail","hentry","category-bolivar","category-colombia","category-economia"],"_links":{"self":[{"href":"https:\/\/cartagenaaldia.com\/index.php\/wp-json\/wp\/v2\/posts\/5425","targetHints":{"allow":["GET"]}}],"collection":[{"href":"https:\/\/cartagenaaldia.com\/index.php\/wp-json\/wp\/v2\/posts"}],"about":[{"href":"https:\/\/cartagenaaldia.com\/index.php\/wp-json\/wp\/v2\/types\/post"}],"author":[{"embeddable":true,"href":"https:\/\/cartagenaaldia.com\/index.php\/wp-json\/wp\/v2\/users\/2"}],"replies":[{"embeddable":true,"href":"https:\/\/cartagenaaldia.com\/index.php\/wp-json\/wp\/v2\/comments?post=5425"}],"version-history":[{"count":1,"href":"https:\/\/cartagenaaldia.com\/index.php\/wp-json\/wp\/v2\/posts\/5425\/revisions"}],"predecessor-version":[{"id":5427,"href":"https:\/\/cartagenaaldia.com\/index.php\/wp-json\/wp\/v2\/posts\/5425\/revisions\/5427"}],"wp:featuredmedia":[{"embeddable":true,"href":"https:\/\/cartagenaaldia.com\/index.php\/wp-json\/wp\/v2\/media\/5426"}],"wp:attachment":[{"href":"https:\/\/cartagenaaldia.com\/index.php\/wp-json\/wp\/v2\/media?parent=5425"}],"wp:term":[{"taxonomy":"category","embeddable":true,"href":"https:\/\/cartagenaaldia.com\/index.php\/wp-json\/wp\/v2\/categories?post=5425"},{"taxonomy":"post_tag","embeddable":true,"href":"https:\/\/cartagenaaldia.com\/index.php\/wp-json\/wp\/v2\/tags?post=5425"}],"curies":[{"name":"wp","href":"https:\/\/api.w.org\/{rel}","templated":true}]}}