{"id":5268,"date":"2024-02-02T09:31:25","date_gmt":"2024-02-02T14:31:25","guid":{"rendered":"https:\/\/cartagenaaldia.com\/?p=5268"},"modified":"2024-02-02T09:31:26","modified_gmt":"2024-02-02T14:31:26","slug":"camara-movil-2024","status":"publish","type":"post","link":"https:\/\/cartagenaaldia.com\/index.php\/2024\/02\/02\/camara-movil-2024\/","title":{"rendered":"C\u00e1mara M\u00f3vil 2024"},"content":{"rendered":"\n<p><strong>Sala Redacci\u00f3n.-<\/strong> Con el objetivo de socializar los beneficios y la oferta de programas institucionales para promover la actividad empresarial y el fortalecimiento de los negocios y sectores productivos, la C\u00e1mara de Comercio de Cartagena, en el marco de su iniciativa institucional \u201cEl Progreso Nos Impulsa\u201d, pone en marcha la estrategia \u201cC\u00e1mara M\u00f3vil 2024\u201d.<\/p>\n\n\n\n<p>De acuerdo con la Presidenta Ejecutiva de la entidad, Andrea Pi\u00f1a G\u00f3mez, se trata de la puesta en servicio de la denominada oficina itinerante de la C\u00e1mara, la cual permitr\u00e1 llegar a los diferentes barrios de Cartagena as\u00ed como a los 18 municipios de la jurisdicci\u00f3n en el departamento de Bol\u00edvar, con toda la oferta de servicios integrada e institucional para el impulso de las empresas y comercios.<\/p>\n\n\n\n<p>\u201cEsta es nuestra oficina m\u00f3vil que recorrer\u00e1 toda la jurisdicci\u00f3n llevando los programas para el beneficio y fortalecimiento de los negocios, de las empresas y comerciantes, simplificando adem\u00e1s el acceso a los servicios registrales, muy al alcance de la comunidad\u201d, indic\u00f3 Pi\u00f1a G\u00f3mez.<\/p>\n\n\n\n<p>La directiva se\u00f1al\u00f3 que, durante este mes de febrero, que ya inicia, la entidad cuenta con una programaci\u00f3n definidida con la cual llegar\u00e1 a sectores y municipios como: el mercado de Bazurto en Cartagena, Lomita Arena, Santa Catalina, Galerazamba, Bayunca, Clemencia, San Crist\u00f3bal, Soplaviento, San Estanislao, Mahates, Palenque, Santa Rosa y Villanueva.<\/p>\n\n\n\n<p>\u201cEl compromiso decidido de la C\u00e1mara de Comercio de Cartagena es impulsar el crecimiento y la movilidad empresarial, por ello este a\u00f1o, nuestra estrategia de la C\u00e1mara M\u00f3vil no solamente estar\u00e1 brindando el soporte y acompa\u00f1amiento en los servicios registrales, sino que el principal foco es socializar y orientar a los comerciantes y empresarios a acceder a la ruta de fortalecimiento empresarial con nuestros programas institucionales como Yo Crezco, FortaleSER, Ruta Mujer Emprendedora, la Ruta de J\u00f3venes, entre otros\u201d, a\u00f1adi\u00f3 la presidenta ejecutiva.<\/p>\n\n\n\n<p>La invitaci\u00f3n, puntualiz\u00f3 Pi\u00f1a, es a que la comunidad empresarial, comerciantes y emprendedores, as\u00ed como la ciudadan\u00eda en general, pueda aprovechar toda la oferta institucional preparada con especial compromiso desde la entidad.<\/p>\n","protected":false},"excerpt":{"rendered":"<p>La C\u00e1mara M\u00f3vil inicia su recorrido llevando beneficios para todas las empresas y comerciantes.<\/p>\n","protected":false},"author":2,"featured_media":5269,"comment_status":"closed","ping_status":"closed","sticky":false,"template":"","format":"standard","meta":{"om_disable_all_campaigns":false,"_monsterinsights_skip_tracking":false,"_monsterinsights_sitenote_active":false,"_monsterinsights_sitenote_note":"","_monsterinsights_sitenote_category":0,"footnotes":""},"categories":[110,103,102],"tags":[120,163,121],"class_list":["post-5268","post","type-post","status-publish","format-standard","has-post-thumbnail","hentry","category-bolivar","category-economia","category-generales","tag-camara-comercio-cartagena","tag-camcamara","tag-camcartagena"],"_links":{"self":[{"href":"https:\/\/cartagenaaldia.com\/index.php\/wp-json\/wp\/v2\/posts\/5268","targetHints":{"allow":["GET"]}}],"collection":[{"href":"https:\/\/cartagenaaldia.com\/index.php\/wp-json\/wp\/v2\/posts"}],"about":[{"href":"https:\/\/cartagenaaldia.com\/index.php\/wp-json\/wp\/v2\/types\/post"}],"author":[{"embeddable":true,"href":"https:\/\/cartagenaaldia.com\/index.php\/wp-json\/wp\/v2\/users\/2"}],"replies":[{"embeddable":true,"href":"https:\/\/cartagenaaldia.com\/index.php\/wp-json\/wp\/v2\/comments?post=5268"}],"version-history":[{"count":2,"href":"https:\/\/cartagenaaldia.com\/index.php\/wp-json\/wp\/v2\/posts\/5268\/revisions"}],"predecessor-version":[{"id":5271,"href":"https:\/\/cartagenaaldia.com\/index.php\/wp-json\/wp\/v2\/posts\/5268\/revisions\/5271"}],"wp:featuredmedia":[{"embeddable":true,"href":"https:\/\/cartagenaaldia.com\/index.php\/wp-json\/wp\/v2\/media\/5269"}],"wp:attachment":[{"href":"https:\/\/cartagenaaldia.com\/index.php\/wp-json\/wp\/v2\/media?parent=5268"}],"wp:term":[{"taxonomy":"category","embeddable":true,"href":"https:\/\/cartagenaaldia.com\/index.php\/wp-json\/wp\/v2\/categories?post=5268"},{"taxonomy":"post_tag","embeddable":true,"href":"https:\/\/cartagenaaldia.com\/index.php\/wp-json\/wp\/v2\/tags?post=5268"}],"curies":[{"name":"wp","href":"https:\/\/api.w.org\/{rel}","templated":true}]}}