{"id":5128,"date":"2024-01-03T18:59:05","date_gmt":"2024-01-03T23:59:05","guid":{"rendered":"https:\/\/cartagenaaldia.com\/?p=5128"},"modified":"2024-01-03T18:59:06","modified_gmt":"2024-01-03T23:59:06","slug":"cartagena-festival-de-musica-sube-el-telon-el-5-de-enero","status":"publish","type":"post","link":"https:\/\/cartagenaaldia.com\/index.php\/2024\/01\/03\/cartagena-festival-de-musica-sube-el-telon-el-5-de-enero\/","title":{"rendered":"Cartagena Festival de M\u00fasica sube el tel\u00f3n el 5 de enero"},"content":{"rendered":"\n<p>El viernes 5 de enero, a las 7 p.m. en el Teatro Adolfo Mej\u00eda, se inaugura el XVIII Cartagena Festival con el concierto <strong>Los colores de la naturaleza<\/strong>, que tendr\u00e1 como protagonistas al Ensamble Allegria, al director Ingar Bergby, a la violinista Eldbj\u00f6rg Hemsing y al pianista Olli Mustonen.<\/p>\n\n\n\n<p>Con esta presentaci\u00f3n iniciar\u00e1 una programaci\u00f3n que estar\u00e1 compuesta por 24 conciertos, adem\u00e1s de un ciclo de conferencias-conciertos, exposiciones, proyecciones y actividades acad\u00e9micas. T<\/p>\n\n\n\n<p>Todos los eventos tendr\u00e1n como tem\u00e1tica central la \u2018Sinfon\u00eda de la Naturaleza\u2019, que ofrecer\u00e1 al p\u00fablico un marco general de lo que, en la historia de la m\u00fasica, ha sido la naturaleza como fuente de inspiraci\u00f3n de las obras de los grandes compositores.<\/p>\n\n\n\n<p>Esta decimoctava edici\u00f3n del Cartagena Festival de M\u00fasica plantear\u00e1 un recorrido que iniciar\u00e1 en el barroco, con las Cuatro estaciones de Antonio Vivaldi; continuar\u00e1 con el periodo cl\u00e1sico, el romanticismo, con la famosa Sinfon\u00eda n.\u00b0 6 \u00abPastoral\u00bb de Beethoven; llegar\u00e1 hasta los compositores del norte de Europa, como Edvard Grieg y Jean Sibelius, y finalizar\u00e1 en el impresionismo del siglo XX, resaltando las obras de autores como Claude Debussy.&nbsp;<\/p>\n\n\n\n<p>En los conciertos, que se llevar\u00e1n a cabo en el Teatro Adolfo Mej\u00eda, la Capilla del Hotel Sofitel Santa Clara, la Capilla del Hotel Charleston Santa Teresa, el Auditorio Getseman\u00ed del Centro de Convenciones de Cartagena y el Palacio de la Proclamaci\u00f3n, participar\u00e1n 157 artistas de pa\u00edses como Noruega, Suecia, Italia, Finlandia, Rusia y Colombia.<\/p>\n\n\n\n<p>Entre los invitados internacionales se destacan el Cuarteto de Cuerdas N\u00f3rdico, la mezzosoprano noruega Marianne Beate Kielland, los pianistas Lukas Geniu\u0161as (Rusia\/Lituania), Georgy Tchaidze (Rusia) y Peter Jablonski (Suecia), el violinista ruso Nikita Boriso-Glebsky y el bar\u00edtono italiano Maurizio Leoni.<\/p>\n\n\n\n<p>Por Colombia sobresalen el violonchelista bogotano Santiago Ca\u00f1\u00f3n-Valencia, la soprano Julieth Lozano, la Orquesta Filarm\u00f3nica Juvenil de la Orquesta Filarm\u00f3nica de Bogot\u00e1, dirigida por Manuel L\u00f3pez-G\u00f3mez, la Orquesta Sinf\u00f3nica de Cartagena, bajo la batuta de Paola \u00c1vila; el Bogot\u00e1 Piano Tr\u00edo, el Cuarteto Q-Arte, la violinista Laura Hoyos y el pianista Alejandro Roca, entre otros.<\/p>\n\n\n\n<p><strong>Patrimonio Cultural de la Naci\u00f3n<\/strong><\/p>\n\n\n\n<p>Con la Ley 2340, expedida el pasado 10 de noviembre de 2023, el Congreso de Colombia reconoci\u00f3 y destac\u00f3 como Patrimonio Cultural de la Naci\u00f3n al Cartagena Festival de M\u00fasica, que se realiza ininterrumpidamente desde 17 atr\u00e1s cada mes de enero como encuentro de la m\u00fasica universal y nacional.&nbsp;<\/p>\n\n\n\n<p>La ley reconoce al Festival como una actividad de formaci\u00f3n musical, circulaci\u00f3n de m\u00fasica, de acceso ciudadano a este g\u00e9nero art\u00edstico y como un espacio de encuentro cultural.<\/p>\n\n\n\n<p>\u201cDesde luego es un honor, pero no hay que olvidar que la Ley 2340 del Congreso de la Rep\u00fablica otorga una oportunidad y unas responsabilidades. Hay unos puntos que queremos fortalecer y que tienen que ver con la garant\u00eda de una larga vida para el Festival. La idea es aportar a la ciudad un proyecto s\u00f3lido que le ayude a reafirmar su valor, ese valor hist\u00f3rico y cultural que le ha otorgado la UNESCO. Esto va a ser posible gracias a esta ley. Por otro lado, tenemos una responsabilidad con las comunidades y la vamos a seguir asumiendo\u201d, asegur\u00f3 Julia Salvi, presidente de la Fundaci\u00f3n Salvi, sobre este reconocimiento.<\/p>\n\n\n\n<p><strong>Programaci\u00f3n acad\u00e9mica<\/strong><\/p>\n\n\n\n<p>Adem\u00e1s de los 24 conciertos, el XVIII Cartagena Festival de M\u00fasica incluir\u00e1 en su programaci\u00f3n una serie de eventos formativos como la serie de charlas did\u00e1cticas del music\u00f3logo italiano Giovanni Bietti.<\/p>\n\n\n\n<p>Estas conferencias-conciertos, que contribuir\u00e1n a que los asistentes aprecien mejor los contenidos de los conciertos, se realizar\u00e1n diariamente a las 9 a.m. -a excepci\u00f3n del d\u00eda inaugural, que ser\u00e1 a las 4 p.m.-, en la Capilla del Hotel Sofitel Santa Clara, el auditorio del Palacio de la Proclamaci\u00f3n y la Capilla del Hotel Charleston Santa Teresa.<\/p>\n\n\n\n<p>El 12 y el 13 de enero, jornadas reservadas a los autores colombianos, las charlas estar\u00e1n lideradas por Jaime A. Monsalve, Jefe Musical de la Radio Nacional, quien estar\u00e1 acompa\u00f1ado por un pianista colombiano (Mauricio Arias-Esguerra, el 12, y Miguel Pinz\u00f3n, el 13).<\/p>\n\n\n\n<p>Por otro lado, en el marco del Festival se llevar\u00e1 el Diplomado de m\u00fasica de c\u00e1mara con \u00e9nfasis en cuerda, viento, piano acompa\u00f1ante de voz, que se realiza gracias a una alianza entre la Fundaci\u00f3n Salvi, la Instituci\u00f3n Universitaria Bellas Artes y Ciencias de Bol\u00edvar (Unibac) y el Conservatorio di Musica \u201cGiovan Battista Martini\u201d de Bolonia (Italia).<\/p>\n\n\n\n<p>En las clases, que se realizar\u00e1n del 9 al 13 de enero en la Instituci\u00f3n Universitaria Bellas Artes y Ciencias de Bol\u00edvar (Unibac), participar\u00e1n alrededor de 80 m\u00fasicos, entre cantantes, grupos de c\u00e1mara de piano acompa\u00f1ante y cuartetos de cuerda, de ciudades como Ibagu\u00e9, Pereira, Bogot\u00e1, Cali y Cartagena.<\/p>\n\n\n\n<p>En esta edici\u00f3n del Cartagena Festival de M\u00fasica se realizar\u00e1 de nuevo el Seminario Internacional de Luter\u00eda de Cremona, en el que estudiantes del Conservatorio del Tolima recibir\u00e1n clases de maestros italianos.<\/p>\n\n\n\n<p>Adem\u00e1s, en la Sede San Agust\u00edn de la Universidad de Cartagena, los Centros de Luter\u00eda de la Fundaci\u00f3n Salvi realizar\u00e1n cuatro espacios formativos gratuitos de luter\u00eda en las \u00e1reas de Cl\u00ednica de mantenimiento de instrumentos sinf\u00f3nicos de viento y Cl\u00ednica de mantenimiento de cuerdas frotadas.<\/p>\n\n\n\n<p>En esa l\u00ednea educativa sobresale tambi\u00e9n la labor de la Orquesta Sinf\u00f3nica de Cartagena, cuyo objetivo principal es que residentes de la ciudad puedan acceder a un programa de formaci\u00f3n orquestal de calidad, que permita el crecimiento laboral, acad\u00e9mico y profesional, de manera individual y colectiva.&nbsp;<\/p>\n\n\n\n<p>La OSC est\u00e1 conformada por 42 j\u00f3venes m\u00fasicos entre los 14 y los 24 a\u00f1os, que provienen de 33 barrios de la ciudad, como Torices Amberes, Blas de Lezo, Ciudad Jard\u00edn, El Bosque, El Gallo y Fredonia, entre otros.<\/p>\n\n\n\n<p>Despu\u00e9s de tres presentaciones en 2023, la OSC concluir\u00e1 esta temporada con el concierto de cierre del XVIII Cartagena Festival de M\u00fasica (13 de enero, a las 7 p. m., en el Auditorio Getseman\u00ed del Centro de Convenciones), en el que compartir\u00e1 escenario con la soprano colombiana Julieth Lozano y con el bar\u00edtono italiano Maurizio Leoni.<\/p>\n\n\n\n<p><strong>Exposiciones<\/strong><\/p>\n\n\n\n<p>Esta edici\u00f3n del Cartagena Festival de M\u00fasica tiene como imagen oficial la pintura Los p\u00e1ramos, de la artista M\u00f3nica Meira, quien se inspir\u00f3 en una fotograf\u00eda del P\u00e1ramo de Santurb\u00e1n que ilustraba un art\u00edculo de un peri\u00f3dico sobre el conflicto de la explotaci\u00f3n del subsuelo. Desde ese punto de partida, Meira empez\u00f3 una investigaci\u00f3n sobre el ecosistema de los p\u00e1ramos colombianos, que se traduce en este paisaje en el que se mezclan las manchas abstractas con las formas figurativas.&nbsp;<\/p>\n\n\n\n<p>La serie de Los p\u00e1ramos, realizada en pintura y dibujo, estar\u00e1 expuesta del 4 al 30 de enero en el Museo Hist\u00f3rico de Cartagena -MUHCA-, ubicado en el Palacio de la Inquisici\u00f3n. La entrada es libre y los horarios son: lunes a s\u00e1bados, de 9 a. m. a 6 p. m., y domingos, de 10 a. m. a 4 p. m.&nbsp;&nbsp;<\/p>\n\n\n\n<p>Por su parte, el Palacio de la Proclamaci\u00f3n, del 11 al 13 de enero se podr\u00e1 disfrutar de la exposici\u00f3n \u2018Luter\u00eda cl\u00e1sica en Colombia\u2019, compuesta por quince violines construidos por lutieres colombianos. Estos instrumentos son resultado del trabajo realizado por parte de los primeros estudiantes del programa de Tecnolog\u00eda en Construcci\u00f3n y Reparaci\u00f3n de Instrumentos de Cuerda Frotada del Conservatorio del Tolima, que est\u00e1n finalizando su ciclo de formaci\u00f3n de tres a\u00f1os.&nbsp;<\/p>\n\n\n\n<p><strong>Proyecciones de conciertos<\/strong><\/p>\n\n\n\n<p>Los sonidos de la \u2018Sinfon\u00eda de la Naturaleza\u2019 tambi\u00e9n llegar\u00e1n a espacios no convencionales de Cartagena con proyecciones de entrada gratuita. El domingo 7 de enero, a las 7 p.m., en el Parque Lineal del barrio Crespo, se proyectar\u00e1 el concierto inaugural del Cartagena Festival de M\u00fasica realizado en el Teatro Adolfo Mej\u00eda, protagonizado por el Ensamble Allegria, el director Ingar Bergby, el pianista Olli Mustonen y la violinista Eldbj\u00f8rg Hemsing.<\/p>\n\n\n\n<p>Adicionalmente, en la fachada del Hotel Sofitel Santa Clara, ubicada en la Plaza San Diego, se proyectar\u00e1 el lunes 8 de enero, a las 8:30 p.m., el concierto Grieg y el sentimentalismo mel\u00f3dico, con Eldbj\u00f8rg Hemsing, el violonchelista Santiago Ca\u00f1\u00f3n-Valencia y el pianista Stefano Malferrari. Toda la informaci\u00f3n del Festival en <a href=\"http:\/\/www.cartagenamusicfestival.com\">www.cartagenamusicfestival.com<\/a><\/p>\n\n\n\n<figure class=\"wp-block-image size-large\"><img fetchpriority=\"high\" decoding=\"async\" width=\"1024\" height=\"640\" src=\"https:\/\/cartagenaaldia.com\/wp-content\/uploads\/2024\/01\/Fastival-de-Musica-2024-1024x640.jpg\" alt=\"\" class=\"wp-image-5129\"\/><\/figure>\n","protected":false},"excerpt":{"rendered":"<p>La XVIII edici\u00f3n tendr\u00e1 como tem\u00e1tica la \u2018Sinfon\u00eda de la Naturaleza\u2019 que incluye actividades acad\u00e9micas, exposiciones y dos jornadas dedicadas a compositores e int\u00e9rpretes colombianos. Ser\u00e1n 24 conciertos y m\u00e1s de 150 artistas invitados.<\/p>\n","protected":false},"author":2,"featured_media":5129,"comment_status":"closed","ping_status":"closed","sticky":false,"template":"","format":"standard","meta":{"om_disable_all_campaigns":false,"_monsterinsights_skip_tracking":false,"_monsterinsights_sitenote_active":false,"_monsterinsights_sitenote_note":"","_monsterinsights_sitenote_category":0,"footnotes":""},"categories":[107,114,102],"tags":[360],"class_list":["post-5128","post","type-post","status-publish","format-standard","has-post-thumbnail","hentry","category-cultura","category-entretenimiento","category-generales","tag-cartagena-festival-musica"],"_links":{"self":[{"href":"https:\/\/cartagenaaldia.com\/index.php\/wp-json\/wp\/v2\/posts\/5128","targetHints":{"allow":["GET"]}}],"collection":[{"href":"https:\/\/cartagenaaldia.com\/index.php\/wp-json\/wp\/v2\/posts"}],"about":[{"href":"https:\/\/cartagenaaldia.com\/index.php\/wp-json\/wp\/v2\/types\/post"}],"author":[{"embeddable":true,"href":"https:\/\/cartagenaaldia.com\/index.php\/wp-json\/wp\/v2\/users\/2"}],"replies":[{"embeddable":true,"href":"https:\/\/cartagenaaldia.com\/index.php\/wp-json\/wp\/v2\/comments?post=5128"}],"version-history":[{"count":1,"href":"https:\/\/cartagenaaldia.com\/index.php\/wp-json\/wp\/v2\/posts\/5128\/revisions"}],"predecessor-version":[{"id":5130,"href":"https:\/\/cartagenaaldia.com\/index.php\/wp-json\/wp\/v2\/posts\/5128\/revisions\/5130"}],"wp:featuredmedia":[{"embeddable":true,"href":"https:\/\/cartagenaaldia.com\/index.php\/wp-json\/wp\/v2\/media\/5129"}],"wp:attachment":[{"href":"https:\/\/cartagenaaldia.com\/index.php\/wp-json\/wp\/v2\/media?parent=5128"}],"wp:term":[{"taxonomy":"category","embeddable":true,"href":"https:\/\/cartagenaaldia.com\/index.php\/wp-json\/wp\/v2\/categories?post=5128"},{"taxonomy":"post_tag","embeddable":true,"href":"https:\/\/cartagenaaldia.com\/index.php\/wp-json\/wp\/v2\/tags?post=5128"}],"curies":[{"name":"wp","href":"https:\/\/api.w.org\/{rel}","templated":true}]}}