{"id":5103,"date":"2024-01-02T16:29:38","date_gmt":"2024-01-02T21:29:38","guid":{"rendered":"https:\/\/cartagenaaldia.com\/?p=5103"},"modified":"2024-01-02T16:29:39","modified_gmt":"2024-01-02T21:29:39","slug":"ediles-de-cartagena-de-indias-se-posesionan","status":"publish","type":"post","link":"https:\/\/cartagenaaldia.com\/index.php\/2024\/01\/02\/ediles-de-cartagena-de-indias-se-posesionan\/","title":{"rendered":"Ediles de Cartagena de Indias se Posesionan"},"content":{"rendered":"\n<h4 class=\"wp-block-heading\"><strong>\u201cRedefiniremos el rumbo de las Alcald\u00edas locales para trabajar conjuntamente, desde encuentros barriales, para que cada l\u00edder plantee soluciones para sus localidades\u201d, expres\u00f3 el Alcalde Mayor de Cartagena.<\/strong><\/h4>\n\n\n\n<p><strong>Sala Redacci\u00f3n. &#8211;<\/strong> Con la presencia del alcalde mayor de Cartagena, Dumek Turbay Paz, se llev\u00f3 a cabo en el Palacio de la Inquisici\u00f3n la posesi\u00f3n de los 27 ediles de las Juntas Administradoras Locales (JAL) del Distrito de Cartagena, para el periodo 2024 &#8211; 2027,&nbsp; conforme con el&nbsp; Acuerdo Ley 136 de 1994.<\/p>\n\n\n\n<p>El alcalde Dumek Turbay recalc\u00f3 la importancia de tener, como respaldo a su gobierno,&nbsp; l\u00edderes genuinos para mejorar la calidad de vida de los cartageneros.<\/p>\n\n\n\n<p>\u201cRedefiniremos el rumbo de las Alcald\u00edas locales para trabajar conjuntamente, desde encuentros barriales, para que cada l\u00edder plantee soluciones para sus localidades. Todo esto con el prop\u00f3sito de que Cartagena entienda que s\u00ed se pueden hacer las cosas bien cuando hay un entendimiento de los recursos p\u00fablicos y una buena administraci\u00f3n\u201d, destac\u00f3 Turbay.<\/p>\n\n\n\n<p>Por su parte,\u00a0 los ediles mostraron su respaldo hacia el Alcalde del Distrito de Cartagena y ratificaron que quieren trabajar unidos para \u201cconstruir una nueva ciudad a la que todos amen, respeten y valoren\u201d.<\/p>\n\n\n\n<figure class=\"wp-block-gallery has-nested-images columns-default is-cropped wp-block-gallery-1 is-layout-flex wp-block-gallery-is-layout-flex\">\n<figure class=\"wp-block-image size-large\"><img fetchpriority=\"high\" decoding=\"async\" width=\"1024\" height=\"1024\" data-id=\"5105\" src=\"https:\/\/cartagenaaldia.com\/wp-content\/uploads\/2024\/01\/JAL-Posesion-1-1024x1024.jpg\" alt=\"\" class=\"wp-image-5105\"\/><\/figure>\n\n\n\n<figure class=\"wp-block-image size-large\"><img decoding=\"async\" width=\"1024\" height=\"1024\" data-id=\"5106\" src=\"https:\/\/cartagenaaldia.com\/wp-content\/uploads\/2024\/01\/JAL-Posesion-2-1024x1024.jpg\" alt=\"\" class=\"wp-image-5106\"\/><\/figure>\n<\/figure>\n","protected":false},"excerpt":{"rendered":"<p>En ceremonia con alcalde Dumek Turbay, ediles de las Juntas Administradoras Locales toman posesi\u00f3n para empezar a trabajar por sus comunidades.<\/p>\n","protected":false},"author":2,"featured_media":5104,"comment_status":"closed","ping_status":"closed","sticky":false,"template":"","format":"standard","meta":{"om_disable_all_campaigns":false,"_monsterinsights_skip_tracking":false,"_monsterinsights_sitenote_active":false,"_monsterinsights_sitenote_note":"","_monsterinsights_sitenote_category":0,"footnotes":""},"categories":[102,105],"tags":[275,197,244,356,358,184,357],"class_list":["post-5103","post","type-post","status-publish","format-standard","has-post-thumbnail","hentry","category-generales","category-politica","tag-alcaldia-cartagena","tag-alcaldia-cartagena-de-indias","tag-dumek-turbay","tag-jal","tag-jal-1","tag-jal-2","tag-jal-3"],"_links":{"self":[{"href":"https:\/\/cartagenaaldia.com\/index.php\/wp-json\/wp\/v2\/posts\/5103","targetHints":{"allow":["GET"]}}],"collection":[{"href":"https:\/\/cartagenaaldia.com\/index.php\/wp-json\/wp\/v2\/posts"}],"about":[{"href":"https:\/\/cartagenaaldia.com\/index.php\/wp-json\/wp\/v2\/types\/post"}],"author":[{"embeddable":true,"href":"https:\/\/cartagenaaldia.com\/index.php\/wp-json\/wp\/v2\/users\/2"}],"replies":[{"embeddable":true,"href":"https:\/\/cartagenaaldia.com\/index.php\/wp-json\/wp\/v2\/comments?post=5103"}],"version-history":[{"count":1,"href":"https:\/\/cartagenaaldia.com\/index.php\/wp-json\/wp\/v2\/posts\/5103\/revisions"}],"predecessor-version":[{"id":5107,"href":"https:\/\/cartagenaaldia.com\/index.php\/wp-json\/wp\/v2\/posts\/5103\/revisions\/5107"}],"wp:featuredmedia":[{"embeddable":true,"href":"https:\/\/cartagenaaldia.com\/index.php\/wp-json\/wp\/v2\/media\/5104"}],"wp:attachment":[{"href":"https:\/\/cartagenaaldia.com\/index.php\/wp-json\/wp\/v2\/media?parent=5103"}],"wp:term":[{"taxonomy":"category","embeddable":true,"href":"https:\/\/cartagenaaldia.com\/index.php\/wp-json\/wp\/v2\/categories?post=5103"},{"taxonomy":"post_tag","embeddable":true,"href":"https:\/\/cartagenaaldia.com\/index.php\/wp-json\/wp\/v2\/tags?post=5103"}],"curies":[{"name":"wp","href":"https:\/\/api.w.org\/{rel}","templated":true}]}}