{"id":5018,"date":"2023-12-26T16:17:36","date_gmt":"2023-12-26T21:17:36","guid":{"rendered":"https:\/\/cartagenaaldia.com\/?p=5018"},"modified":"2023-12-26T16:17:36","modified_gmt":"2023-12-26T21:17:36","slug":"line-up-de-leones-ante-caimanes","status":"publish","type":"post","link":"https:\/\/cartagenaaldia.com\/index.php\/2023\/12\/26\/line-up-de-leones-ante-caimanes\/","title":{"rendered":"Line Up de Leones ante Caimanes"},"content":{"rendered":"\n<p>Leones de Barranquilla est\u00e1 listo para enfrentar a Caimanes de Barranquilla y para el primer juego del doble Header saltar\u00e1 al terreno con:<\/p>\n\n\n\n<ol class=\"wp-block-list\" type=\"1\">\n<li>#14 \u2013 RF &#8211; Diover \u00c1vila<\/li>\n\n\n\n<li>#01 \u2013 2B &#8211; \u00c9dgar P\u00e9rez<\/li>\n\n\n\n<li>#24 \u2013 3B &#8211; Christian Sep\u00falveda<\/li>\n\n\n\n<li>#16 \u2013 1B &#8211; Sneider Batista<\/li>\n\n\n\n<li>#04 &#8211; C &#8211; Camilo Zabala<\/li>\n\n\n\n<li>#22 \u2013 DH &#8211; Jaissy De La Cruz<\/li>\n\n\n\n<li>#02 \u2013 SS &#8211; Javier Rivas<\/li>\n\n\n\n<li>#44 \u2013 CF &#8211; Esmerlyn Valdez<\/li>\n\n\n\n<li>#19 \u2013 LF &#8211; Bryan Ni\u00f1o<\/li>\n\n\n\n<li>#11 \u2013 P &#8211; Fernando Avila<\/li>\n<\/ol>\n","protected":false},"excerpt":{"rendered":"<p>En doble Header entre Leones y Caimanes en el estadio Edgar Renter\u00eda aqu\u00ed est\u00e1 el Line Up de Leones.<\/p>\n","protected":false},"author":2,"featured_media":5019,"comment_status":"closed","ping_status":"closed","sticky":false,"template":"","format":"standard","meta":{"om_disable_all_campaigns":false,"_monsterinsights_skip_tracking":false,"_monsterinsights_sitenote_active":false,"_monsterinsights_sitenote_note":"","_monsterinsights_sitenote_category":0,"footnotes":""},"categories":[106,102],"tags":[326,168,328,325,322],"class_list":["post-5018","post","type-post","status-publish","format-standard","has-post-thumbnail","hentry","category-deporte","category-generales","tag-caimanes-de-barranquilla","tag-diprobeisbol","tag-leones-de-barranquilla","tag-liga-profesional-beisbol-colombia","tag-lpbc"],"_links":{"self":[{"href":"https:\/\/cartagenaaldia.com\/index.php\/wp-json\/wp\/v2\/posts\/5018","targetHints":{"allow":["GET"]}}],"collection":[{"href":"https:\/\/cartagenaaldia.com\/index.php\/wp-json\/wp\/v2\/posts"}],"about":[{"href":"https:\/\/cartagenaaldia.com\/index.php\/wp-json\/wp\/v2\/types\/post"}],"author":[{"embeddable":true,"href":"https:\/\/cartagenaaldia.com\/index.php\/wp-json\/wp\/v2\/users\/2"}],"replies":[{"embeddable":true,"href":"https:\/\/cartagenaaldia.com\/index.php\/wp-json\/wp\/v2\/comments?post=5018"}],"version-history":[{"count":1,"href":"https:\/\/cartagenaaldia.com\/index.php\/wp-json\/wp\/v2\/posts\/5018\/revisions"}],"predecessor-version":[{"id":5020,"href":"https:\/\/cartagenaaldia.com\/index.php\/wp-json\/wp\/v2\/posts\/5018\/revisions\/5020"}],"wp:featuredmedia":[{"embeddable":true,"href":"https:\/\/cartagenaaldia.com\/index.php\/wp-json\/wp\/v2\/media\/5019"}],"wp:attachment":[{"href":"https:\/\/cartagenaaldia.com\/index.php\/wp-json\/wp\/v2\/media?parent=5018"}],"wp:term":[{"taxonomy":"category","embeddable":true,"href":"https:\/\/cartagenaaldia.com\/index.php\/wp-json\/wp\/v2\/categories?post=5018"},{"taxonomy":"post_tag","embeddable":true,"href":"https:\/\/cartagenaaldia.com\/index.php\/wp-json\/wp\/v2\/tags?post=5018"}],"curies":[{"name":"wp","href":"https:\/\/api.w.org\/{rel}","templated":true}]}}