{"id":4943,"date":"2023-12-12T21:09:39","date_gmt":"2023-12-13T02:09:39","guid":{"rendered":"https:\/\/cartagenaaldia.com\/?p=4943"},"modified":"2023-12-12T21:09:41","modified_gmt":"2023-12-13T02:09:41","slug":"en-el-limbo-la-localidad-2-en-cartagena","status":"publish","type":"post","link":"https:\/\/cartagenaaldia.com\/index.php\/2023\/12\/12\/en-el-limbo-la-localidad-2-en-cartagena\/","title":{"rendered":"En el limbo la localidad 2 en Cartagena"},"content":{"rendered":"\n<p>Bingo; a escasos d\u00edas de finalizar el cuatrienio en la administraci\u00f3n de la localidad dos, le entregan 3 mil millones de pesos, a su fondo de desarrollo local, que incorporados al presupuesto ser\u00edan ejecutados por el alcalde local, con la anuencia de su Junta Administradora, as\u00ed ha sido la matriz del actuar administrativo de las localidades. <\/p>\n\n\n\n<p>Nunca se convocan a las unidades comuneras para que se decidan los proyectos y c\u00f3mo hacer las inversiones, la democracia participativa ha sido y es una voz en el mar.<\/p>\n\n\n\n<p>La sentencia popular, dice: por los hechos los conocer\u00e9is y en esta tonada, son m\u00e1s que evidentes los hechos, para destacar una sinfon\u00eda de corrupci\u00f3n perfecta: un alcalde local, acusado de corrupci\u00f3n y sancionado dos veces, un alcalde que lo remplaz\u00f3 que dej\u00f3 m\u00e1s dudas que certezas en la ejecuci\u00f3n del fondo, unos proyectos ejecutados sin que se sepan sus impactos positivos, cargados de capacitaciones hasta la exageraci\u00f3n, el poco o casi ning\u00fan control a las ejecuciones, en fin el despiporre con el despilfarro, fueron el paisaje vivido. <\/p>\n\n\n\n<p>\u00bfQu\u00e9, las pruebas?  lean los informes de Funcicar, los an\u00e1lisis de expertos, los se\u00f1alamientos del alcalde mayor saliente y del entrante. Siendo as\u00ed las cosas, no se presagia nada nuevo bajo el puente; torcidas y torcidas. Es echarle ma\u00edz al pavo como dec\u00eda mi abuela, llevar le\u00f1a pa el monte. <\/p>\n\n\n\n<p>Hay que configurar, no s\u00f3lo para \u00e9ste menester, sino para hacerle seguimiento al fondo de desarrollo local; una veedur\u00eda cualificada con los mejores l\u00edderes de la localidad, que los hay, distintos a los recibidores de coimas por contratos. <\/p>\n\n\n\n<p>Restablecer el derecho que acompa\u00f1a a las unidades comuneras de gobierno de participar en el gasto del FONDO DE DESARROLLO LOCAL, decidiendo en qu\u00e9 y c\u00f3mo invertir los dineros, es en esencia, democratizar el manejo del fondo. <\/p>\n\n\n\n<p>Exigir un verdadero control al gasto por la Corporaci\u00f3n edilicia, con base en la ley 1617 y de igual modo la presencia de los entes de control y la rendici\u00f3n de cuentas con base en informaci\u00f3n de los entes se\u00f1alados. <\/p>\n\n\n\n<p>No se deben devolver los dineros porque se necesitan en la localidad, pero deben supeditarse a nuestro querer y necesidades ciudadanas. <\/p>\n\n\n\n<p>Aqu\u00ed es donde se requiere la aut\u00e9ntica participaci\u00f3n comunal para defender nuestro inter\u00e9s en lo que nos ha sido negado, en la historia del manejo del fondo.<\/p>\n\n\n\n<p>Cartagena, diciembre 12\/2023<\/p>\n","protected":false},"excerpt":{"rendered":"<p>Comparto nota del licenciado en Filosof\u00eda y Psicolog\u00eda Educativa, con Posgrado en Administraci\u00f3n P\u00fablica de la ESPAP, Manuel Batista, sobre las Juntas Administradoras Locales.<\/p>\n","protected":false},"author":2,"featured_media":4944,"comment_status":"closed","ping_status":"closed","sticky":false,"template":"","format":"standard","meta":{"om_disable_all_campaigns":false,"_monsterinsights_skip_tracking":false,"_monsterinsights_sitenote_active":false,"_monsterinsights_sitenote_note":"","_monsterinsights_sitenote_category":0,"footnotes":""},"categories":[110,102,105],"tags":[275,197],"class_list":["post-4943","post","type-post","status-publish","format-standard","has-post-thumbnail","hentry","category-bolivar","category-generales","category-politica","tag-alcaldia-cartagena","tag-alcaldia-cartagena-de-indias"],"_links":{"self":[{"href":"https:\/\/cartagenaaldia.com\/index.php\/wp-json\/wp\/v2\/posts\/4943","targetHints":{"allow":["GET"]}}],"collection":[{"href":"https:\/\/cartagenaaldia.com\/index.php\/wp-json\/wp\/v2\/posts"}],"about":[{"href":"https:\/\/cartagenaaldia.com\/index.php\/wp-json\/wp\/v2\/types\/post"}],"author":[{"embeddable":true,"href":"https:\/\/cartagenaaldia.com\/index.php\/wp-json\/wp\/v2\/users\/2"}],"replies":[{"embeddable":true,"href":"https:\/\/cartagenaaldia.com\/index.php\/wp-json\/wp\/v2\/comments?post=4943"}],"version-history":[{"count":1,"href":"https:\/\/cartagenaaldia.com\/index.php\/wp-json\/wp\/v2\/posts\/4943\/revisions"}],"predecessor-version":[{"id":4945,"href":"https:\/\/cartagenaaldia.com\/index.php\/wp-json\/wp\/v2\/posts\/4943\/revisions\/4945"}],"wp:featuredmedia":[{"embeddable":true,"href":"https:\/\/cartagenaaldia.com\/index.php\/wp-json\/wp\/v2\/media\/4944"}],"wp:attachment":[{"href":"https:\/\/cartagenaaldia.com\/index.php\/wp-json\/wp\/v2\/media?parent=4943"}],"wp:term":[{"taxonomy":"category","embeddable":true,"href":"https:\/\/cartagenaaldia.com\/index.php\/wp-json\/wp\/v2\/categories?post=4943"},{"taxonomy":"post_tag","embeddable":true,"href":"https:\/\/cartagenaaldia.com\/index.php\/wp-json\/wp\/v2\/tags?post=4943"}],"curies":[{"name":"wp","href":"https:\/\/api.w.org\/{rel}","templated":true}]}}