{"id":4886,"date":"2023-12-07T17:39:09","date_gmt":"2023-12-07T22:39:09","guid":{"rendered":"https:\/\/cartagenaaldia.com\/?p=4886"},"modified":"2023-12-07T17:39:12","modified_gmt":"2023-12-07T22:39:12","slug":"epa-cartagena-mas-vigilancia-y-mas-control","status":"publish","type":"post","link":"https:\/\/cartagenaaldia.com\/index.php\/2023\/12\/07\/epa-cartagena-mas-vigilancia-y-mas-control\/","title":{"rendered":"EPA Cartagena M\u00e1s Vigilancia y M\u00e1s Control"},"content":{"rendered":"\n<h5 class=\"wp-block-heading\">Rendicion de Cuentas Alcalde William Dau 2023<\/h5>\n\n\n\n<p>El fortalecimiento de la vigilancia y control del ambiente en Cartagena de Indias fue la tendencia en el Establecimiento Publico Ambiental-EPA; adem\u00e1s, de la intervenci\u00f3n del canal Policarpa que atraviesa al corregimiento de Membrilla y la zona industrial de Mamonal.<\/p>\n\n\n\n<p>Alicia Terril, directora del EPA; dijo: \u201ces muy importante que ese canal ten\u00eda m\u00e1s de 10 a\u00f1os que no ve\u00edamos un pez, y la comunidad a trav\u00e9s de las acciones que hicimos de control y vigilancia pudimos ver que muchas empresas, especialmente una, estaba contaminando fuertemente y fue sancionada y eso mejor\u00f3 la vida acu\u00e1tica de ese canal.\u201d<\/p>\n\n\n\n<p>En m\u00e1s acciones, se trabaj\u00f3 en la educaci\u00f3n ambiental con el proyecto \u201cMi Barrio Sostenible\u201d impactando a las comunidades con generaci\u00f3n de conciencia ambiental \u201cun proyecto muy importante donde la comunidad hizo parte con tres proyectos pilotos, en tres barrios El Poz\u00f3n, La Mar\u00eda y Boston.\u201d<\/p>\n\n\n\n<p>En estos barrios \u201cCapacitamos a los guardianes de los ca\u00f1os de estas comunidades, que est\u00e1 muy contenta y motivada a seguir guardando los ca\u00f1os, preservando el ambiente y concientizando a que ellos, que son los que viven alrededor de los ca\u00f1os, velen por ellos y que los limpien, que los mantengan limpios y no los ensucien.\u201d Dijo la directora del EPA.<\/p>\n\n\n\n<p>Como parte de las pol\u00edticas de continuidad, Alicia Terril espera que el pr\u00f3ximo gobierno pueda afianzar m\u00e1s campa\u00f1as de conciencia ambiental \u201cYo tengo fe que nosotros s\u00ed podemos cambiar con m\u00e1s campa\u00f1as de promoci\u00f3n y prevenci\u00f3n en la educaci\u00f3n ambiental; campa\u00f1as de socializaci\u00f3n de: sacar la basura en el d\u00eda que toca, de la parte del escombro no solamente con los carretilleros que llevan el escombro, sino los que hacen el trabajo, los ingenieros, los constructores y que tienen que tener su permiso de RCD para controlar de los residuos s\u00f3lidos.\u201d Puntualiz\u00f3 la funcionaria.<\/p>\n\n\n\n<figure class=\"wp-block-embed is-type-video is-provider-youtube wp-block-embed-youtube wp-embed-aspect-4-3 wp-has-aspect-ratio\"><div class=\"wp-block-embed__wrapper\">\n<iframe title=\"EPA ejerciendo la prevenci\u00f3n y el control\" width=\"500\" height=\"375\" src=\"https:\/\/www.youtube.com\/embed\/5KKMn9zD92Y?feature=oembed\" frameborder=\"0\" allow=\"accelerometer; autoplay; clipboard-write; encrypted-media; gyroscope; picture-in-picture; web-share\" referrerpolicy=\"strict-origin-when-cross-origin\" allowfullscreen><\/iframe>\n<\/div><\/figure>\n","protected":false},"excerpt":{"rendered":"<p>En la rendici\u00f3n de cuentas del Gobierno \u201cSalvemos Juntos a Cartagena\u201d del Alcalde William Dau, el Establecimiento Publico Ambiental-EPA precis\u00f3 que su enfoque estuvo fiel a su misi\u00f3n de vigilancia y control.<\/p>\n","protected":false},"author":2,"featured_media":4887,"comment_status":"closed","ping_status":"closed","sticky":false,"template":"","format":"standard","meta":{"om_disable_all_campaigns":false,"_monsterinsights_skip_tracking":false,"_monsterinsights_sitenote_active":false,"_monsterinsights_sitenote_note":"","_monsterinsights_sitenote_category":0,"footnotes":""},"categories":[103,112,102,109],"tags":[275,197,315,344],"class_list":["post-4886","post","type-post","status-publish","format-standard","has-post-thumbnail","hentry","category-economia","category-educacion","category-generales","category-salud","tag-alcaldia-cartagena","tag-alcaldia-cartagena-de-indias","tag-lukatmi","tag-rendicion-cuentas-cartagena-2023"],"_links":{"self":[{"href":"https:\/\/cartagenaaldia.com\/index.php\/wp-json\/wp\/v2\/posts\/4886","targetHints":{"allow":["GET"]}}],"collection":[{"href":"https:\/\/cartagenaaldia.com\/index.php\/wp-json\/wp\/v2\/posts"}],"about":[{"href":"https:\/\/cartagenaaldia.com\/index.php\/wp-json\/wp\/v2\/types\/post"}],"author":[{"embeddable":true,"href":"https:\/\/cartagenaaldia.com\/index.php\/wp-json\/wp\/v2\/users\/2"}],"replies":[{"embeddable":true,"href":"https:\/\/cartagenaaldia.com\/index.php\/wp-json\/wp\/v2\/comments?post=4886"}],"version-history":[{"count":1,"href":"https:\/\/cartagenaaldia.com\/index.php\/wp-json\/wp\/v2\/posts\/4886\/revisions"}],"predecessor-version":[{"id":4888,"href":"https:\/\/cartagenaaldia.com\/index.php\/wp-json\/wp\/v2\/posts\/4886\/revisions\/4888"}],"wp:featuredmedia":[{"embeddable":true,"href":"https:\/\/cartagenaaldia.com\/index.php\/wp-json\/wp\/v2\/media\/4887"}],"wp:attachment":[{"href":"https:\/\/cartagenaaldia.com\/index.php\/wp-json\/wp\/v2\/media?parent=4886"}],"wp:term":[{"taxonomy":"category","embeddable":true,"href":"https:\/\/cartagenaaldia.com\/index.php\/wp-json\/wp\/v2\/categories?post=4886"},{"taxonomy":"post_tag","embeddable":true,"href":"https:\/\/cartagenaaldia.com\/index.php\/wp-json\/wp\/v2\/tags?post=4886"}],"curies":[{"name":"wp","href":"https:\/\/api.w.org\/{rel}","templated":true}]}}