{"id":4724,"date":"2023-11-15T12:18:33","date_gmt":"2023-11-15T17:18:33","guid":{"rendered":"https:\/\/cartagenaaldia.com\/?p=4724"},"modified":"2023-11-15T12:18:33","modified_gmt":"2023-11-15T17:18:33","slug":"sigue-atencion-a-familias-cartageneras-afectadas-por-lluvias","status":"publish","type":"post","link":"https:\/\/cartagenaaldia.com\/index.php\/2023\/11\/15\/sigue-atencion-a-familias-cartageneras-afectadas-por-lluvias\/","title":{"rendered":"Sigue atenci\u00f3n a familias cartageneras afectadas por lluvias"},"content":{"rendered":"\n<p>Como parte del plan de acci\u00f3n de la calamidad p\u00fablica decretada por las lluvias de las \u00faltimas semanas en Cartagena, el Plan de Emergencia Social- Pedro Romero contin\u00faa con la asistencia alimentaria a la poblaci\u00f3n en situaci\u00f3n de pobreza extrema para garantizar el derecho humano a la alimentaci\u00f3n.\u00a0<\/p>\n\n\n\n<p>Hasta hoy, martes 14 de noviembre, se han encendido 864 ollas comunitarias en diferentes sectores de las tres localidades, impactando a miles de ni\u00f1os, j\u00f3venes y adultos, quienes diariamente tienen asegurado su almuerzo gracias a esta ayuda humanitaria del Distrito, a trav\u00e9s del programa de Seguridad Alimentaria y Nutrici\u00f3n.\u00a0<\/p>\n\n\n\n<p>El trabajo comunitario ha sido fundamental para desarrollar cada una de las ollas, cuyo prop\u00f3sito es mitigar el hambre en los hogares vulnerables en Cartagena.<\/p>\n","protected":false},"excerpt":{"rendered":"<p>No se apagan las ollas comunitarias en diferentes sectores de las tres localidades, impactando a miles de ni\u00f1os, j\u00f3venes y adultos, quienes diariamente tienen asegurado su almuerzo.<\/p>\n","protected":false},"author":2,"featured_media":4725,"comment_status":"closed","ping_status":"closed","sticky":false,"template":"","format":"standard","meta":{"om_disable_all_campaigns":false,"_monsterinsights_skip_tracking":false,"_monsterinsights_sitenote_active":false,"_monsterinsights_sitenote_note":"","_monsterinsights_sitenote_category":0,"footnotes":""},"categories":[103,102],"tags":[313,197,315],"class_list":["post-4724","post","type-post","status-publish","format-standard","has-post-thumbnail","hentry","category-economia","category-generales","tag-alcaldia-cartagena-2","tag-alcaldia-cartagena-de-indias","tag-lukatmi"],"_links":{"self":[{"href":"https:\/\/cartagenaaldia.com\/index.php\/wp-json\/wp\/v2\/posts\/4724","targetHints":{"allow":["GET"]}}],"collection":[{"href":"https:\/\/cartagenaaldia.com\/index.php\/wp-json\/wp\/v2\/posts"}],"about":[{"href":"https:\/\/cartagenaaldia.com\/index.php\/wp-json\/wp\/v2\/types\/post"}],"author":[{"embeddable":true,"href":"https:\/\/cartagenaaldia.com\/index.php\/wp-json\/wp\/v2\/users\/2"}],"replies":[{"embeddable":true,"href":"https:\/\/cartagenaaldia.com\/index.php\/wp-json\/wp\/v2\/comments?post=4724"}],"version-history":[{"count":1,"href":"https:\/\/cartagenaaldia.com\/index.php\/wp-json\/wp\/v2\/posts\/4724\/revisions"}],"predecessor-version":[{"id":4726,"href":"https:\/\/cartagenaaldia.com\/index.php\/wp-json\/wp\/v2\/posts\/4724\/revisions\/4726"}],"wp:featuredmedia":[{"embeddable":true,"href":"https:\/\/cartagenaaldia.com\/index.php\/wp-json\/wp\/v2\/media\/4725"}],"wp:attachment":[{"href":"https:\/\/cartagenaaldia.com\/index.php\/wp-json\/wp\/v2\/media?parent=4724"}],"wp:term":[{"taxonomy":"category","embeddable":true,"href":"https:\/\/cartagenaaldia.com\/index.php\/wp-json\/wp\/v2\/categories?post=4724"},{"taxonomy":"post_tag","embeddable":true,"href":"https:\/\/cartagenaaldia.com\/index.php\/wp-json\/wp\/v2\/tags?post=4724"}],"curies":[{"name":"wp","href":"https:\/\/api.w.org\/{rel}","templated":true}]}}