{"id":4704,"date":"2023-11-14T11:35:36","date_gmt":"2023-11-14T16:35:36","guid":{"rendered":"https:\/\/cartagenaaldia.com\/?p=4704"},"modified":"2023-11-14T11:35:37","modified_gmt":"2023-11-14T16:35:37","slug":"llega-innova-latam-2023-y-el-8vo-congreso-nacional-de-iniciativas-cluster-a-cartagena","status":"publish","type":"post","link":"https:\/\/cartagenaaldia.com\/index.php\/2023\/11\/14\/llega-innova-latam-2023-y-el-8vo-congreso-nacional-de-iniciativas-cluster-a-cartagena\/","title":{"rendered":"Llega Innova Latam 2023 y el 8vo Congreso Nacional de Iniciativas Cl\u00faster a Cartagena"},"content":{"rendered":"\n<p><strong>Cartagena de Indias D.T. y C. 14 de noviembre de 2023<\/strong>. La quinta versi\u00f3n de Innova Latam, el evento de innovaci\u00f3n empresarial l\u00edder en la regi\u00f3n, llega este 16 de noviembre a la capital de Bol\u00edvar, junto al 8vo Congreso Nacional de Iniciativas Cl\u00faster, eventos que presentar\u00e1n las tendencias en materia de innovaci\u00f3n, as\u00ed como diferentes casos de \u00e9xito que se han catapultado gracias a esta.&nbsp;<\/p>\n\n\n\n<p>\u201cInnova Latam y el 8vo. Congreso de Iniciativas Cl\u00faster, son eventos imprescindibles para quienes deseen mantenerse al d\u00eda con las tendencias de innovaci\u00f3n en el entorno empresarial latinoamericano. Desde la C\u00e1mara de Comercio de Cartagena estamos convencidos de la importancia que tiene facilitar estos espacios donde la comunidad empresarial de la regi\u00f3n tenga la oportunidad de reunirse, aprender e intercambiar experiencias para impulsar la innovaci\u00f3n corporativa\u201d, asegur\u00f3 Andrea Pi\u00f1a, Presidenta Ejecutiva (e) de la C\u00e1mara de Comercio de Cartagena.<\/p>\n\n\n\n<p>El evento contar\u00e1 con la presencia de Hitendra Patel, l\u00edder de pensamiento en innovaci\u00f3n, conferencista internacional, director y fundador de IXL Center, que compartir\u00e1 su experiencia y conocimientos alrededor de c\u00f3mo la Inteligencia Artificial est\u00e1 impactando las diferentes industrias a nivel global y cu\u00e1les habilidades se necesitan en los equipos de las organizaciones para lograr una adopci\u00f3n exitosa de esta nueva herramienta.&nbsp;<\/p>\n\n\n\n<p>As\u00ed mismo, el evento contar\u00e1 con una variada agenda que incluir\u00e1 conferencias, paneles, talleres y actividades de relacionamiento, abordando temas de gran relevancia para el mundo empresarial como Inteligencia Artificial, innovaci\u00f3n y aglomeraciones en la pol\u00edtica de reindustrializaci\u00f3n; ecosistemas de innovaci\u00f3n; cultura de innovaci\u00f3n; innovaci\u00f3n abierta; la nueva era digital; sostenibilidad; internacionalizaci\u00f3n y sistemas de innovaci\u00f3n.<\/p>\n\n\n\n<p>\u201cInnova Latam y la 8va versi\u00f3n del Congreso Nacional de Iniciativas Cl\u00faster, es el resultado del esfuerzo mancomunado de nuestros aliados como IXL Center, el Global Innovation Management Institute y Confec\u00e1maras, con quienes buscamos impactar al tejido empresarial para lograr ser m\u00e1s competitivos. Decidimos hacer estos eventos paralelamente, porque esta es una oportunidad \u00fanica para que la comunidad cl\u00faster del pa\u00eds fortalezca sus conocimientos en innovaci\u00f3n y comparta las buenas pr\u00e1cticas, herramientas y tendencias \u00fatiles en el abordaje de los desaf\u00edos socioecon\u00f3micos y medioambientales en procura de las apuestas territoriales de Colombia\u201d, asegur\u00f3 Andrea Pi\u00f1a. De igual manera, la directiva invit\u00f3 a los interesados en participar, a registrarse y asistir al evento, sin costo, a trav\u00e9s del sitio web oficial del evento: <a href=\"http:\/\/www.innova-latam.com\">www.innova-latam.com<\/a> o bien desde el sitio de la C\u00e1mara de Comercio: <a href=\"http:\/\/www.cccartagena.org.co\">www.cccartagena.org.co<\/a><\/p>\n\n\n\n<figure class=\"wp-block-gallery has-nested-images columns-default is-cropped wp-block-gallery-1 is-layout-flex wp-block-gallery-is-layout-flex\">\n<figure class=\"wp-block-image size-large\"><img fetchpriority=\"high\" decoding=\"async\" width=\"1024\" height=\"1024\" data-id=\"4706\" src=\"https:\/\/cartagenaaldia.com\/wp-content\/uploads\/2023\/11\/AlcaldiaCuadrada-Imagen-2-1-1024x1024.jpg\" alt=\"\" class=\"wp-image-4706\"\/><\/figure>\n\n\n\n<figure class=\"wp-block-image size-large\"><img decoding=\"async\" width=\"1024\" height=\"1024\" data-id=\"4705\" src=\"https:\/\/cartagenaaldia.com\/wp-content\/uploads\/2023\/11\/AlcaldiaCuadrada-Imagen-1-1-1024x1024.jpg\" alt=\"\" class=\"wp-image-4705\"\/><\/figure>\n<\/figure>\n","protected":false},"excerpt":{"rendered":"<p>Innova Latam 2023 y el 8vo Congreso Nacional de Iniciativas Cl\u00faster llegan a Cartagena para impulsar la innovaci\u00f3n corporativa y la productividad en Latinoam\u00e9rica<\/p>\n","protected":false},"author":2,"featured_media":4707,"comment_status":"closed","ping_status":"closed","sticky":false,"template":"","format":"standard","meta":{"om_disable_all_campaigns":false,"_monsterinsights_skip_tracking":false,"_monsterinsights_sitenote_active":false,"_monsterinsights_sitenote_note":"","_monsterinsights_sitenote_category":0,"footnotes":""},"categories":[110,115,103,102],"tags":[120,163,121],"class_list":["post-4704","post","type-post","status-publish","format-standard","has-post-thumbnail","hentry","category-bolivar","category-colombia","category-economia","category-generales","tag-camara-comercio-cartagena","tag-camcamara","tag-camcartagena"],"_links":{"self":[{"href":"https:\/\/cartagenaaldia.com\/index.php\/wp-json\/wp\/v2\/posts\/4704","targetHints":{"allow":["GET"]}}],"collection":[{"href":"https:\/\/cartagenaaldia.com\/index.php\/wp-json\/wp\/v2\/posts"}],"about":[{"href":"https:\/\/cartagenaaldia.com\/index.php\/wp-json\/wp\/v2\/types\/post"}],"author":[{"embeddable":true,"href":"https:\/\/cartagenaaldia.com\/index.php\/wp-json\/wp\/v2\/users\/2"}],"replies":[{"embeddable":true,"href":"https:\/\/cartagenaaldia.com\/index.php\/wp-json\/wp\/v2\/comments?post=4704"}],"version-history":[{"count":1,"href":"https:\/\/cartagenaaldia.com\/index.php\/wp-json\/wp\/v2\/posts\/4704\/revisions"}],"predecessor-version":[{"id":4708,"href":"https:\/\/cartagenaaldia.com\/index.php\/wp-json\/wp\/v2\/posts\/4704\/revisions\/4708"}],"wp:featuredmedia":[{"embeddable":true,"href":"https:\/\/cartagenaaldia.com\/index.php\/wp-json\/wp\/v2\/media\/4707"}],"wp:attachment":[{"href":"https:\/\/cartagenaaldia.com\/index.php\/wp-json\/wp\/v2\/media?parent=4704"}],"wp:term":[{"taxonomy":"category","embeddable":true,"href":"https:\/\/cartagenaaldia.com\/index.php\/wp-json\/wp\/v2\/categories?post=4704"},{"taxonomy":"post_tag","embeddable":true,"href":"https:\/\/cartagenaaldia.com\/index.php\/wp-json\/wp\/v2\/tags?post=4704"}],"curies":[{"name":"wp","href":"https:\/\/api.w.org\/{rel}","templated":true}]}}