{"id":4660,"date":"2023-11-10T13:43:06","date_gmt":"2023-11-10T18:43:06","guid":{"rendered":"https:\/\/cartagenaaldia.com\/?p=4660"},"modified":"2023-11-12T14:10:17","modified_gmt":"2023-11-12T19:10:17","slug":"desfile-de-independencia-transcurrio-con-tranquilidad-y-cero-fallecidos-en-accidentes-balance-del-primer-dia-de-las-fiestas-en-cartagena","status":"publish","type":"post","link":"https:\/\/cartagenaaldia.com\/index.php\/2023\/11\/10\/desfile-de-independencia-transcurrio-con-tranquilidad-y-cero-fallecidos-en-accidentes-balance-del-primer-dia-de-las-fiestas-en-cartagena\/","title":{"rendered":"Desfile de Independencia transcurri\u00f3 con tranquilidad y cero fallecidos en accidentes: balance del primer d\u00eda de las Fiestas en Cartagena"},"content":{"rendered":"\n<p><strong>Cartagena de Indias D.T. y C; 10 de noviembre de 2023. &#8211; <\/strong>En colaboraci\u00f3n con las autoridades locales, fuerzas de seguridad y&nbsp; dem\u00e1s entidades se implementaron distintas estrategias integrales para salvaguardar la integridad de los cartageneros y visitantes fortaleciendo la seguridad de los eventos realizados el primer d\u00eda de las Fiestas de Independencia del 11 de Noviembre.<\/p>\n\n\n\n<p><strong>No hubo heridos por armas en el Desfile de Independencia: PMU<\/strong><\/p>\n\n\n\n<p>Durante el Desfile de Independencia se estableci\u00f3 un Puesto de Mando Unificado &#8211; PMU- en el que particip\u00f3 la Polic\u00eda Nacional, la Secretar\u00eda del Interior y Convivencia Ciudadana, la Oficina de Gesti\u00f3n del Riesgo y el DATT con el prop\u00f3sito de implementar medidas y supervisar el desarrollo de este evento que cont\u00f3 con la presencia de m\u00e1s de 40 mil ciudadanos.<\/p>\n\n\n\n<p><strong>Reporte de atenci\u00f3n en salud en Cartagena durante primer d\u00eda de Fiestas<\/strong><\/p>\n\n\n\n<p>En cuanto al reporte de salud, el Departamento Administrativo Distrital de Salud, DADIS, a trav\u00e9s del Centro Regulador de Urgencias (CRUE) se report\u00f3 la atenci\u00f3n de 37 pacientes por golpe de calor, desmayos, deshidrataci\u00f3n, entre otros afirm\u00f3 el director del organismo sanitario del Distrito Jos\u00e9 Eugenio Saavedra Viana, quien agreg\u00f3 que durante el evento no se presentaron muertos, ni heridos por armas blancas.<\/p>\n\n\n\n<p>El informe entregado por el director del DADIS tambi\u00e9n indica que a trav\u00e9s de la red hospitalaria se report\u00f3 el ingreso de 60 pacientes por urgencias por diferentes politraumatismos, entre ellos 15 por arma blanca, 4 por arma de fuego, 15 por accidentes de tr\u00e1nsito, entre otros. Cabe resaltar, que estos actos de violencia no se dieron en el desfile de Independencia.<\/p>\n\n\n\n<p><strong>Orden p\u00fablico y seguridad<\/strong><\/p>\n\n\n\n<p>Por su parte, la Polic\u00eda impuso 10 medidas correctivas y realiz\u00f3 1 captura por porte de arma de fuego. Sumado a esto, se despleg\u00f3 un amplio dispositivo que tuvo presencia efectiva en \u00e1reas de concentraci\u00f3n masiva. Esto permiti\u00f3 mantener un ambiente festivo y al mismo tiempo controlado, promoviendo la convivencia y el disfrute de los participantes.<\/p>\n\n\n\n<p>En total, los operativos de registro e identificaci\u00f3n a personas desplegados permiti\u00f3 capturar a 10 personas, en diferentes puntos de la ciudad: 3 por porte ilegal de armas de fuego, 1 por tr\u00e1fico de estupefacientes, 1 por receptaci\u00f3n, 1 por lesiones personales, 1 por orden judicial por el delito de homicidio y 3 por otros delitos.<\/p>\n\n\n\n<p>De igual forma, se incautaron 3 armas de fuego, 89 armas cortopunzantes, se recuperaron 2 motocicletas y se impusieron 204 comparendos.<\/p>\n\n\n\n<p><strong>Cero v\u00edctimas fatales en siniestros viales<\/strong><\/p>\n\n\n\n<p>Adem\u00e1s, hubo operativos de prevenci\u00f3n y control en coordinaci\u00f3n con las autoridades de tr\u00e1nsito, lo que contribuy\u00f3 a garantizar la fluidez vehicular y la seguridad en las v\u00edas de acceso a los diferentes eventos.<\/p>\n\n\n\n<p>Cero v\u00edctimas fatales y cero personas con lesiones de consideraci\u00f3n producto de siniestros viales. Este resultado significa que todas las personas que se movilizaron el primer d\u00eda de fiestas en la ciudad, llegaron en condiciones de seguridad vial a sus destinos.<\/p>\n\n\n\n<p><strong>Recomendaciones para unas fiestas m\u00e1s seguras<\/strong><\/p>\n\n\n\n<p>El Departamento Administrativo de Tr\u00e1nsito y Transporte, DATT, invita a los actores viales a seguir adoptando comportamientos seguros y as\u00ed seguir cuidando la vida en la v\u00eda. Si vas a consumir bebidas alcoh\u00f3licas, entrega las llaves o escoge un conductor elegido que te lleve sano y salvo a casa.<\/p>\n\n\n\n<p>Desde la direcci\u00f3n del DADIS se hace un llamado a la ciudadan\u00eda que asiste a los eventos masivos, especialmente en el d\u00eda a hidratarse, usar bloqueador, llevar sombrero o paraguas para evitar los efectos de los rayos del sol. As\u00ed mismo, se invit\u00f3 a la comunidad a utilizar la l\u00edneas de emergencia 123 y 125 ante cualquier emergencia que se presente para que sean atendidos de manera oportuna por las autoridades de salud del Distrito.<\/p>\n\n\n\n<p>Este balance positivo refleja el resultado de la planificaci\u00f3n integral, la coordinaci\u00f3n efectiva entre instituciones y la participaci\u00f3n activa de la ciudadan\u00eda.<\/p>\n\n\n\n<p>La Secretar\u00eda del Interior y Convivencia Ciudadana reafirma su compromiso continuo con el bienestar de los ciudadanos, trabajando incansablemente para garantizar un entorno seguro y propicio para la celebraci\u00f3n de eventos significativos en nuestra ciudad. Y hace un llamado a todos los ciudadanos a mantener una actitud responsable durante los d\u00edas restantes de las festividades.<\/p>\n\n\n\n<p><strong>Avanza la limpieza de la Avenida Santander<\/strong><\/p>\n\n\n\n<p>Finalmente, con el liderazgo de la Oficina de Servicios P\u00fablicos del Distrito, iniciaron las labores de limpieza en la Avenida Santander para mantener nuestro entorno limpio y ordenado para seguir disfrutando de nuestras Fiestas de Independencia.<\/p>\n\n\n\n<figure class=\"wp-block-embed is-type-video is-provider-youtube wp-block-embed-youtube wp-embed-aspect-16-9 wp-has-aspect-ratio\"><div class=\"wp-block-embed__wrapper\">\n<iframe title=\"Desfile de Independencia todo un \u00e9xito\" width=\"500\" height=\"281\" src=\"https:\/\/www.youtube.com\/embed\/4znztHvFAAI?feature=oembed\" frameborder=\"0\" allow=\"accelerometer; autoplay; clipboard-write; encrypted-media; gyroscope; picture-in-picture; web-share\" referrerpolicy=\"strict-origin-when-cross-origin\" allowfullscreen><\/iframe>\n<\/div><\/figure>\n\n\n\n<figure class=\"wp-block-gallery has-nested-images columns-default is-cropped wp-block-gallery-1 is-layout-flex wp-block-gallery-is-layout-flex\">\n<figure class=\"wp-block-image size-large\"><img fetchpriority=\"high\" decoding=\"async\" width=\"1024\" height=\"1024\" data-id=\"4662\" src=\"https:\/\/cartagenaaldia.com\/wp-content\/uploads\/2023\/11\/5-1-1024x1024.jpg\" alt=\"\" class=\"wp-image-4662\"\/><\/figure>\n\n\n\n<figure class=\"wp-block-image size-large\"><img decoding=\"async\" width=\"1024\" height=\"1024\" data-id=\"4664\" src=\"https:\/\/cartagenaaldia.com\/wp-content\/uploads\/2023\/11\/6-1-1024x1024.jpg\" alt=\"\" class=\"wp-image-4664\"\/><\/figure>\n\n\n\n<figure class=\"wp-block-image size-large\"><img decoding=\"async\" width=\"1024\" height=\"1024\" data-id=\"4665\" src=\"https:\/\/cartagenaaldia.com\/wp-content\/uploads\/2023\/11\/1-1-1024x1024.jpg\" alt=\"\" class=\"wp-image-4665\"\/><\/figure>\n\n\n\n<figure class=\"wp-block-image size-large\"><img loading=\"lazy\" decoding=\"async\" width=\"1024\" height=\"1024\" data-id=\"4674\" src=\"https:\/\/cartagenaaldia.com\/wp-content\/uploads\/2023\/11\/2-1-1024x1024.jpg\" alt=\"\" class=\"wp-image-4674\"\/><\/figure>\n\n\n\n<figure class=\"wp-block-image size-large\"><img loading=\"lazy\" decoding=\"async\" width=\"1024\" height=\"1024\" data-id=\"4678\" src=\"https:\/\/cartagenaaldia.com\/wp-content\/uploads\/2023\/11\/3-1-1024x1024.jpg\" alt=\"\" class=\"wp-image-4678\"\/><\/figure>\n\n\n\n<figure class=\"wp-block-image size-large\"><img loading=\"lazy\" decoding=\"async\" width=\"1024\" height=\"1024\" data-id=\"4677\" src=\"https:\/\/cartagenaaldia.com\/wp-content\/uploads\/2023\/11\/4-1-1024x1024.jpg\" alt=\"\" class=\"wp-image-4677\"\/><\/figure>\n\n\n\n<figure class=\"wp-block-image size-large\"><img loading=\"lazy\" decoding=\"async\" width=\"1024\" height=\"1024\" data-id=\"4666\" src=\"https:\/\/cartagenaaldia.com\/wp-content\/uploads\/2023\/11\/22-1024x1024.jpg\" alt=\"\" class=\"wp-image-4666\"\/><\/figure>\n\n\n\n<figure class=\"wp-block-image size-large\"><img loading=\"lazy\" decoding=\"async\" width=\"1024\" height=\"1024\" data-id=\"4681\" src=\"https:\/\/cartagenaaldia.com\/wp-content\/uploads\/2023\/11\/7-1024x1024.jpg\" alt=\"\" class=\"wp-image-4681\"\/><\/figure>\n\n\n\n<figure class=\"wp-block-image size-large\"><img loading=\"lazy\" decoding=\"async\" width=\"1024\" height=\"1024\" data-id=\"4673\" src=\"https:\/\/cartagenaaldia.com\/wp-content\/uploads\/2023\/11\/8-1024x1024.jpg\" alt=\"\" class=\"wp-image-4673\"\/><\/figure>\n\n\n\n<figure class=\"wp-block-image size-large\"><img loading=\"lazy\" decoding=\"async\" width=\"1024\" height=\"1024\" data-id=\"4672\" src=\"https:\/\/cartagenaaldia.com\/wp-content\/uploads\/2023\/11\/9-1024x1024.jpg\" alt=\"\" class=\"wp-image-4672\"\/><\/figure>\n\n\n\n<figure class=\"wp-block-image size-large\"><img loading=\"lazy\" decoding=\"async\" width=\"1024\" height=\"1024\" data-id=\"4671\" src=\"https:\/\/cartagenaaldia.com\/wp-content\/uploads\/2023\/11\/10-1024x1024.jpg\" alt=\"\" class=\"wp-image-4671\"\/><\/figure>\n\n\n\n<figure class=\"wp-block-image size-large\"><img loading=\"lazy\" decoding=\"async\" width=\"1024\" height=\"1024\" data-id=\"4679\" src=\"https:\/\/cartagenaaldia.com\/wp-content\/uploads\/2023\/11\/11-1024x1024.jpg\" alt=\"\" class=\"wp-image-4679\"\/><\/figure>\n\n\n\n<figure class=\"wp-block-image size-large\"><img loading=\"lazy\" decoding=\"async\" width=\"1024\" height=\"1024\" data-id=\"4667\" src=\"https:\/\/cartagenaaldia.com\/wp-content\/uploads\/2023\/11\/12-1024x1024.jpg\" alt=\"\" class=\"wp-image-4667\"\/><\/figure>\n\n\n\n<figure class=\"wp-block-image size-large\"><img loading=\"lazy\" decoding=\"async\" width=\"1024\" height=\"1024\" data-id=\"4663\" src=\"https:\/\/cartagenaaldia.com\/wp-content\/uploads\/2023\/11\/13-1024x1024.jpg\" alt=\"\" class=\"wp-image-4663\"\/><\/figure>\n\n\n\n<figure class=\"wp-block-image size-large\"><img loading=\"lazy\" decoding=\"async\" width=\"1024\" height=\"1024\" data-id=\"4676\" src=\"https:\/\/cartagenaaldia.com\/wp-content\/uploads\/2023\/11\/14-1024x1024.jpg\" alt=\"\" class=\"wp-image-4676\"\/><\/figure>\n\n\n\n<figure class=\"wp-block-image size-large\"><img loading=\"lazy\" decoding=\"async\" width=\"1024\" height=\"1024\" data-id=\"4670\" src=\"https:\/\/cartagenaaldia.com\/wp-content\/uploads\/2023\/11\/15-1024x1024.jpg\" alt=\"\" class=\"wp-image-4670\"\/><\/figure>\n\n\n\n<figure class=\"wp-block-image size-large\"><img loading=\"lazy\" decoding=\"async\" width=\"1024\" height=\"1024\" data-id=\"4668\" src=\"https:\/\/cartagenaaldia.com\/wp-content\/uploads\/2023\/11\/16-1024x1024.jpg\" alt=\"\" class=\"wp-image-4668\"\/><\/figure>\n\n\n\n<figure class=\"wp-block-image size-large\"><img loading=\"lazy\" decoding=\"async\" width=\"1024\" height=\"1024\" data-id=\"4669\" src=\"https:\/\/cartagenaaldia.com\/wp-content\/uploads\/2023\/11\/17-1024x1024.jpg\" alt=\"\" class=\"wp-image-4669\"\/><\/figure>\n\n\n\n<figure class=\"wp-block-image size-large\"><img loading=\"lazy\" decoding=\"async\" width=\"1024\" height=\"1024\" data-id=\"4682\" src=\"https:\/\/cartagenaaldia.com\/wp-content\/uploads\/2023\/11\/18-1024x1024.jpg\" alt=\"\" class=\"wp-image-4682\"\/><\/figure>\n\n\n\n<figure class=\"wp-block-image size-large\"><img loading=\"lazy\" decoding=\"async\" width=\"1024\" height=\"1024\" data-id=\"4683\" src=\"https:\/\/cartagenaaldia.com\/wp-content\/uploads\/2023\/11\/19-1024x1024.jpg\" alt=\"\" class=\"wp-image-4683\"\/><\/figure>\n\n\n\n<figure class=\"wp-block-image size-large\"><img loading=\"lazy\" decoding=\"async\" width=\"1024\" height=\"1024\" data-id=\"4680\" src=\"https:\/\/cartagenaaldia.com\/wp-content\/uploads\/2023\/11\/20-1024x1024.jpg\" alt=\"\" class=\"wp-image-4680\"\/><\/figure>\n\n\n\n<figure class=\"wp-block-image size-large\"><img loading=\"lazy\" decoding=\"async\" width=\"1024\" height=\"1024\" data-id=\"4675\" src=\"https:\/\/cartagenaaldia.com\/wp-content\/uploads\/2023\/11\/21-1024x1024.jpg\" alt=\"\" class=\"wp-image-4675\"\/><\/figure>\n<\/figure>\n","protected":false},"excerpt":{"rendered":"<p>Este balance positivo refleja el resultado de la planificaci\u00f3n integral, la coordinaci\u00f3n efectiva entre instituciones y la participaci\u00f3n activa de la ciudadan\u00eda. <\/p>\n","protected":false},"author":2,"featured_media":4661,"comment_status":"closed","ping_status":"closed","sticky":false,"template":"","format":"standard","meta":{"om_disable_all_campaigns":false,"_monsterinsights_skip_tracking":false,"_monsterinsights_sitenote_active":false,"_monsterinsights_sitenote_note":"","_monsterinsights_sitenote_category":0,"footnotes":""},"categories":[107,114,102],"tags":[275,197,193,315],"class_list":["post-4660","post","type-post","status-publish","format-standard","has-post-thumbnail","hentry","category-cultura","category-entretenimiento","category-generales","tag-alcaldia-cartagena","tag-alcaldia-cartagena-de-indias","tag-ipcc","tag-lukatmi"],"_links":{"self":[{"href":"https:\/\/cartagenaaldia.com\/index.php\/wp-json\/wp\/v2\/posts\/4660","targetHints":{"allow":["GET"]}}],"collection":[{"href":"https:\/\/cartagenaaldia.com\/index.php\/wp-json\/wp\/v2\/posts"}],"about":[{"href":"https:\/\/cartagenaaldia.com\/index.php\/wp-json\/wp\/v2\/types\/post"}],"author":[{"embeddable":true,"href":"https:\/\/cartagenaaldia.com\/index.php\/wp-json\/wp\/v2\/users\/2"}],"replies":[{"embeddable":true,"href":"https:\/\/cartagenaaldia.com\/index.php\/wp-json\/wp\/v2\/comments?post=4660"}],"version-history":[{"count":2,"href":"https:\/\/cartagenaaldia.com\/index.php\/wp-json\/wp\/v2\/posts\/4660\/revisions"}],"predecessor-version":[{"id":4685,"href":"https:\/\/cartagenaaldia.com\/index.php\/wp-json\/wp\/v2\/posts\/4660\/revisions\/4685"}],"wp:featuredmedia":[{"embeddable":true,"href":"https:\/\/cartagenaaldia.com\/index.php\/wp-json\/wp\/v2\/media\/4661"}],"wp:attachment":[{"href":"https:\/\/cartagenaaldia.com\/index.php\/wp-json\/wp\/v2\/media?parent=4660"}],"wp:term":[{"taxonomy":"category","embeddable":true,"href":"https:\/\/cartagenaaldia.com\/index.php\/wp-json\/wp\/v2\/categories?post=4660"},{"taxonomy":"post_tag","embeddable":true,"href":"https:\/\/cartagenaaldia.com\/index.php\/wp-json\/wp\/v2\/tags?post=4660"}],"curies":[{"name":"wp","href":"https:\/\/api.w.org\/{rel}","templated":true}]}}