{"id":4633,"date":"2023-11-09T19:08:21","date_gmt":"2023-11-10T00:08:21","guid":{"rendered":"https:\/\/cartagenaaldia.com\/?p=4633"},"modified":"2023-11-09T19:43:22","modified_gmt":"2023-11-10T00:43:22","slug":"pes-pedro-romero-enciende-144-ollas-comunitarias-diarias-por-40-dias-para-los-afectados-de-la-ola-invernal","status":"publish","type":"post","link":"https:\/\/cartagenaaldia.com\/index.php\/2023\/11\/09\/pes-pedro-romero-enciende-144-ollas-comunitarias-diarias-por-40-dias-para-los-afectados-de-la-ola-invernal\/","title":{"rendered":"PES- Pedro Romero enciende 144 ollas comunitarias diarias por 40 d\u00edas para los afectados de la ola invernal"},"content":{"rendered":"\n<p><strong>Cartagena de Indias. D. T. y C; 7 de noviembre de 2023. &#8211;<\/strong> Ante la declaratoria de calamidad p\u00fablica expedida en el Decreto 1441 de 2023, por las fuertes lluvias registradas durante los \u00faltimos d\u00edas en Cartagena, el Plan de Emergencia Social- Pedro Romero encendi\u00f3&nbsp;los fogones para cocinar 144 ollas comunitarias por 40 d\u00edas seguidos, beneficiando a m\u00e1s de 14.000 personas.&nbsp;<\/p>\n\n\n\n<p>Con una inversi\u00f3n cercana a los $5.000 millones, las ollas se realizan de manera gratuita en los sectores de las tres localidades, caracterizados por la Oficina Asesora para la Gesti\u00f3n del Riesgo de Desastres de Cartagena (OAGRD).&nbsp;<\/p>\n\n\n\n<p>\u201cCon estas acciones, que van enmarcadas en la implementaci\u00f3n de la fase de recuperaci\u00f3n y estabilizaci\u00f3n del Plan de Acci\u00f3n Espec\u00edfico del Distrito, decretado por la calamidad p\u00fablica de la emergencia invernal, buscamos brindarle seguridad alimentaria a los cartageneros y cartageneras en situaci\u00f3n de vulnerabilidad, quienes tendr\u00e1n la oportunidad de disfrutar de una olla comunitaria para 100 personas\u201d, explic\u00f3 Delly de La Rosa, directora del PES- Pedro Romero.\u00a0<\/p>\n\n\n\n<figure class=\"wp-block-embed is-type-video is-provider-youtube wp-block-embed-youtube wp-embed-aspect-16-9 wp-has-aspect-ratio\"><div class=\"wp-block-embed__wrapper\">\n<iframe title=\"PES- Pedro Romero enciende 144 ollas comunitarias diarias para los afectados de la ola invernal\" width=\"500\" height=\"281\" src=\"https:\/\/www.youtube.com\/embed\/-cqqV9KclwQ?feature=oembed\" frameborder=\"0\" allow=\"accelerometer; autoplay; clipboard-write; encrypted-media; gyroscope; picture-in-picture; web-share\" referrerpolicy=\"strict-origin-when-cross-origin\" allowfullscreen><\/iframe>\n<\/div><\/figure>\n\n\n\n<p>Este martes, ni\u00f1os, j\u00f3venes y adultos mayores en situaci\u00f3n de pobreza extrema, almorzaron con los suculentos sancochos que se cocinaron en los diferentes barrios afectados por las inundaciones. La ejecuci\u00f3n de estas ollas es apoyada tambi\u00e9n por la UMATA, la Secretar\u00eda de Participaci\u00f3n Ciudadana y Renta Ciudadana.<\/p>\n\n\n\n<p>Para Mar\u00eda Esther Monrroy, residente de Villas de Aranjuez, este almuerzo fue una gran bendici\u00f3n \u201cporque el agua entra a nuestras casas y da\u00f1a los enseres, que son de material, pero igual hacen falta. Estamos muy agradecidos porque esto nos ayuda mucho y tambi\u00e9n nos permite unirnos m\u00e1s como comunidad. La olla hace parte de la necesidad de alimentarnos, pero tambi\u00e9n nos ayuda a reencontrarnos\u201d.<\/p>\n\n\n\n<figure class=\"wp-block-embed is-type-video is-provider-youtube wp-block-embed-youtube wp-embed-aspect-16-9 wp-has-aspect-ratio\"><div class=\"wp-block-embed__wrapper\">\n<iframe title=\"PES- Pedro Romero enciende 144 ollas comunitarias diarias para los afectados de la ola invernal\" width=\"500\" height=\"281\" src=\"https:\/\/www.youtube.com\/embed\/IIdgSW7eDZk?feature=oembed\" frameborder=\"0\" allow=\"accelerometer; autoplay; clipboard-write; encrypted-media; gyroscope; picture-in-picture; web-share\" referrerpolicy=\"strict-origin-when-cross-origin\" allowfullscreen><\/iframe>\n<\/div><\/figure>\n\n\n\n<p>De esta forma, el PES- Pedro Romero desde su programa de Seguridad Alimentaria continuar\u00e1 por 40 d\u00edas llevando alimentos a las comunidades en pobreza extrema, garantizando el derecho humano a la alimentaci\u00f3n.&nbsp;<\/p>\n\n\n\n<p>\u201cPasamos unos d\u00edas muy dif\u00edciles, pero gracias a Dios y al PES- Pedro Romero esperamos salir pronto de esto. Todos van a comer, ya sean afectados o no, porque todos necesitamos un poquito de bocado todos los d\u00edas\u201d, se\u00f1al\u00f3 Ingrid Su\u00e1rez, residente de Flor del Campo.<\/p>\n\n\n\n<figure class=\"wp-block-embed is-type-video is-provider-youtube wp-block-embed-youtube wp-embed-aspect-16-9 wp-has-aspect-ratio\"><div class=\"wp-block-embed__wrapper\">\n<iframe title=\"PES- Pedro Romero enciende 144 ollas comunitarias diarias para los afectados de la ola invernal\" width=\"500\" height=\"281\" src=\"https:\/\/www.youtube.com\/embed\/Bm2NQjg8_Gw?feature=oembed\" frameborder=\"0\" allow=\"accelerometer; autoplay; clipboard-write; encrypted-media; gyroscope; picture-in-picture; web-share\" referrerpolicy=\"strict-origin-when-cross-origin\" allowfullscreen><\/iframe>\n<\/div><\/figure>\n\n\n\n<p>A esto se suma que, la Oficina Asesora para la Gesti\u00f3n del Riesgo de Desastres de Cartagena (OAGRD) trabaja de manera articulada con otras dependencias, con el fin de asegurar una respuesta inmediata a estas familias y no dejar a ning\u00fan ciudadano desprotegido.&nbsp;<\/p>\n","protected":false},"excerpt":{"rendered":"<p>Con una inversi\u00f3n cercana a los $5.000 millones, las ollas se realizan de manera gratuita en los sectores de las tres localidades, caracterizados por la Oficina Asesora para la Gesti\u00f3n del Riesgo de Desastres de Cartagena (OAGRD).<\/p>\n","protected":false},"author":2,"featured_media":4635,"comment_status":"closed","ping_status":"closed","sticky":false,"template":"","format":"standard","meta":{"om_disable_all_campaigns":false,"_monsterinsights_skip_tracking":false,"_monsterinsights_sitenote_active":false,"_monsterinsights_sitenote_note":"","_monsterinsights_sitenote_category":0,"footnotes":""},"categories":[110,103,102],"tags":[275,197,315],"class_list":["post-4633","post","type-post","status-publish","format-standard","has-post-thumbnail","hentry","category-bolivar","category-economia","category-generales","tag-alcaldia-cartagena","tag-alcaldia-cartagena-de-indias","tag-lukatmi"],"_links":{"self":[{"href":"https:\/\/cartagenaaldia.com\/index.php\/wp-json\/wp\/v2\/posts\/4633","targetHints":{"allow":["GET"]}}],"collection":[{"href":"https:\/\/cartagenaaldia.com\/index.php\/wp-json\/wp\/v2\/posts"}],"about":[{"href":"https:\/\/cartagenaaldia.com\/index.php\/wp-json\/wp\/v2\/types\/post"}],"author":[{"embeddable":true,"href":"https:\/\/cartagenaaldia.com\/index.php\/wp-json\/wp\/v2\/users\/2"}],"replies":[{"embeddable":true,"href":"https:\/\/cartagenaaldia.com\/index.php\/wp-json\/wp\/v2\/comments?post=4633"}],"version-history":[{"count":2,"href":"https:\/\/cartagenaaldia.com\/index.php\/wp-json\/wp\/v2\/posts\/4633\/revisions"}],"predecessor-version":[{"id":4638,"href":"https:\/\/cartagenaaldia.com\/index.php\/wp-json\/wp\/v2\/posts\/4633\/revisions\/4638"}],"wp:featuredmedia":[{"embeddable":true,"href":"https:\/\/cartagenaaldia.com\/index.php\/wp-json\/wp\/v2\/media\/4635"}],"wp:attachment":[{"href":"https:\/\/cartagenaaldia.com\/index.php\/wp-json\/wp\/v2\/media?parent=4633"}],"wp:term":[{"taxonomy":"category","embeddable":true,"href":"https:\/\/cartagenaaldia.com\/index.php\/wp-json\/wp\/v2\/categories?post=4633"},{"taxonomy":"post_tag","embeddable":true,"href":"https:\/\/cartagenaaldia.com\/index.php\/wp-json\/wp\/v2\/tags?post=4633"}],"curies":[{"name":"wp","href":"https:\/\/api.w.org\/{rel}","templated":true}]}}