{"id":4574,"date":"2023-11-09T18:13:05","date_gmt":"2023-11-09T23:13:05","guid":{"rendered":"https:\/\/cartagenaaldia.com\/?p=4574"},"modified":"2023-11-09T18:13:06","modified_gmt":"2023-11-09T23:13:06","slug":"decreto-de-calamidad-publica-cartagena-de-indias","status":"publish","type":"post","link":"https:\/\/cartagenaaldia.com\/index.php\/2023\/11\/09\/decreto-de-calamidad-publica-cartagena-de-indias\/","title":{"rendered":"Decreto de Calamidad P\u00fablica &#8211; Cartagena de Indias"},"content":{"rendered":"\n<p>Este es el decreto 1441de 02 noviembre de 2023 mediante el cual se decreta la Calamidad P\u00fablica en la ciudad de Cartagena de Indias a causa de las fuertes lluvias presentadas por perturbaci\u00f3n atmosf\u00e9rica en el oriente del mar Caribe; adem\u00e1s, se publica el acta de reuni\u00f3n donde se tom\u00f3 la decisi\u00f3n.<\/p>\n\n\n\n<p> <\/p>\n\n\n\n<figure class=\"wp-block-gallery has-nested-images columns-default is-cropped wp-block-gallery-1 is-layout-flex wp-block-gallery-is-layout-flex\">\n<figure class=\"wp-block-image size-large\"><img fetchpriority=\"high\" decoding=\"async\" width=\"621\" height=\"1024\" data-id=\"4605\" src=\"https:\/\/cartagenaaldia.com\/wp-content\/uploads\/2023\/11\/Decreto-Calamidad-Publica-16-621x1024.jpg\" alt=\"\" class=\"wp-image-4605\"\/><\/figure>\n\n\n\n<figure class=\"wp-block-image size-large\"><img decoding=\"async\" width=\"621\" height=\"1024\" data-id=\"4606\" src=\"https:\/\/cartagenaaldia.com\/wp-content\/uploads\/2023\/11\/Decreto-Calamidad-Publica-1-2-621x1024.jpg\" alt=\"\" class=\"wp-image-4606\"\/><\/figure>\n<\/figure>\n\n\n\n<figure class=\"wp-block-gallery has-nested-images columns-default is-cropped wp-block-gallery-2 is-layout-flex wp-block-gallery-is-layout-flex\">\n<figure class=\"wp-block-image size-large\"><img decoding=\"async\" width=\"621\" height=\"1024\" data-id=\"4610\" src=\"https:\/\/cartagenaaldia.com\/wp-content\/uploads\/2023\/11\/Decreto-Calamidad-Publica-2-4-621x1024.jpg\" alt=\"\" class=\"wp-image-4610\"\/><\/figure>\n\n\n\n<figure class=\"wp-block-image size-large\"><img loading=\"lazy\" decoding=\"async\" width=\"621\" height=\"1024\" data-id=\"4609\" src=\"https:\/\/cartagenaaldia.com\/wp-content\/uploads\/2023\/11\/Decreto-Calamidad-Publica-3-2-621x1024.jpg\" alt=\"\" class=\"wp-image-4609\"\/><\/figure>\n<\/figure>\n\n\n\n<figure class=\"wp-block-gallery has-nested-images columns-default is-cropped wp-block-gallery-3 is-layout-flex wp-block-gallery-is-layout-flex\">\n<figure class=\"wp-block-image size-large\"><img loading=\"lazy\" decoding=\"async\" width=\"621\" height=\"1024\" data-id=\"4611\" src=\"https:\/\/cartagenaaldia.com\/wp-content\/uploads\/2023\/11\/Decreto-Calamidad-Publica-4-2-621x1024.jpg\" alt=\"\" class=\"wp-image-4611\"\/><\/figure>\n\n\n\n<figure class=\"wp-block-image size-large\"><img loading=\"lazy\" decoding=\"async\" width=\"621\" height=\"1024\" data-id=\"4612\" src=\"https:\/\/cartagenaaldia.com\/wp-content\/uploads\/2023\/11\/Decreto-Calamidad-Publica-5-2-621x1024.jpg\" alt=\"\" class=\"wp-image-4612\"\/><\/figure>\n<\/figure>\n\n\n\n<figure class=\"wp-block-gallery has-nested-images columns-default is-cropped wp-block-gallery-4 is-layout-flex wp-block-gallery-is-layout-flex\">\n<figure class=\"wp-block-image size-large\"><img loading=\"lazy\" decoding=\"async\" width=\"621\" height=\"1024\" data-id=\"4613\" src=\"https:\/\/cartagenaaldia.com\/wp-content\/uploads\/2023\/11\/Decreto-Calamidad-Publica-6-2-621x1024.jpg\" alt=\"\" class=\"wp-image-4613\"\/><\/figure>\n\n\n\n<figure class=\"wp-block-image size-large\"><img loading=\"lazy\" decoding=\"async\" width=\"621\" height=\"1024\" data-id=\"4614\" src=\"https:\/\/cartagenaaldia.com\/wp-content\/uploads\/2023\/11\/Decreto-Calamidad-Publica-7-2-621x1024.jpg\" alt=\"\" class=\"wp-image-4614\"\/><\/figure>\n<\/figure>\n\n\n\n<figure class=\"wp-block-gallery has-nested-images columns-default is-cropped wp-block-gallery-5 is-layout-flex wp-block-gallery-is-layout-flex\">\n<figure class=\"wp-block-image size-large\"><img loading=\"lazy\" decoding=\"async\" width=\"621\" height=\"1024\" data-id=\"4615\" src=\"https:\/\/cartagenaaldia.com\/wp-content\/uploads\/2023\/11\/Decreto-Calamidad-Publica-8-2-621x1024.jpg\" alt=\"\" class=\"wp-image-4615\"\/><\/figure>\n\n\n\n<figure class=\"wp-block-image size-large\"><img loading=\"lazy\" decoding=\"async\" width=\"621\" height=\"1024\" data-id=\"4616\" src=\"https:\/\/cartagenaaldia.com\/wp-content\/uploads\/2023\/11\/Decreto-Calamidad-Publica-9-2-621x1024.jpg\" alt=\"\" class=\"wp-image-4616\"\/><\/figure>\n<\/figure>\n\n\n\n<figure class=\"wp-block-gallery has-nested-images columns-default is-cropped wp-block-gallery-6 is-layout-flex wp-block-gallery-is-layout-flex\">\n<figure class=\"wp-block-image size-large\"><img loading=\"lazy\" decoding=\"async\" width=\"621\" height=\"1024\" data-id=\"4623\" src=\"https:\/\/cartagenaaldia.com\/wp-content\/uploads\/2023\/11\/Decreto-Calamidad-Publica-10-3-621x1024.jpg\" alt=\"\" class=\"wp-image-4623\"\/><\/figure>\n\n\n\n<figure class=\"wp-block-image size-large\"><img loading=\"lazy\" decoding=\"async\" width=\"621\" height=\"1024\" data-id=\"4622\" src=\"https:\/\/cartagenaaldia.com\/wp-content\/uploads\/2023\/11\/Decreto-Calamidad-Publica-11-3-621x1024.jpg\" alt=\"\" class=\"wp-image-4622\"\/><\/figure>\n<\/figure>\n\n\n\n<figure class=\"wp-block-gallery has-nested-images columns-default is-cropped wp-block-gallery-7 is-layout-flex wp-block-gallery-is-layout-flex\">\n<figure class=\"wp-block-image size-large\"><img loading=\"lazy\" decoding=\"async\" width=\"621\" height=\"1024\" data-id=\"4625\" src=\"https:\/\/cartagenaaldia.com\/wp-content\/uploads\/2023\/11\/Decreto-Calamidad-Publica-12-3-621x1024.jpg\" alt=\"\" class=\"wp-image-4625\"\/><\/figure>\n\n\n\n<figure class=\"wp-block-image size-large\"><img loading=\"lazy\" decoding=\"async\" width=\"621\" height=\"1024\" data-id=\"4624\" src=\"https:\/\/cartagenaaldia.com\/wp-content\/uploads\/2023\/11\/Decreto-Calamidad-Publica-13-3-621x1024.jpg\" alt=\"\" class=\"wp-image-4624\"\/><\/figure>\n<\/figure>\n\n\n\n<figure class=\"wp-block-gallery has-nested-images columns-default is-cropped wp-block-gallery-8 is-layout-flex wp-block-gallery-is-layout-flex\">\n<figure class=\"wp-block-image size-large\"><img loading=\"lazy\" decoding=\"async\" width=\"621\" height=\"1024\" data-id=\"4626\" src=\"https:\/\/cartagenaaldia.com\/wp-content\/uploads\/2023\/11\/Decreto-Calamidad-Publica-14-3-621x1024.jpg\" alt=\"\" class=\"wp-image-4626\"\/><\/figure>\n\n\n\n<figure class=\"wp-block-image size-large\"><img loading=\"lazy\" decoding=\"async\" width=\"621\" height=\"1024\" data-id=\"4627\" src=\"https:\/\/cartagenaaldia.com\/wp-content\/uploads\/2023\/11\/Decreto-Calamidad-Publica-13-4-621x1024.jpg\" alt=\"\" class=\"wp-image-4627\"\/><\/figure>\n<\/figure>\n","protected":false},"excerpt":{"rendered":"<p>El decreto con que se ordena la calamidad p\u00fablica en a ciudad de Cartagena producto de la perturbaci\u00f3n atmosf\u00e9rica en el oriente del mar Caribe.<\/p>\n","protected":false},"author":2,"featured_media":4628,"comment_status":"closed","ping_status":"closed","sticky":false,"template":"","format":"standard","meta":{"om_disable_all_campaigns":false,"_monsterinsights_skip_tracking":false,"_monsterinsights_sitenote_active":false,"_monsterinsights_sitenote_note":"","_monsterinsights_sitenote_category":0,"footnotes":""},"categories":[110,103,102,105],"tags":[275,197,315],"class_list":["post-4574","post","type-post","status-publish","format-standard","has-post-thumbnail","hentry","category-bolivar","category-economia","category-generales","category-politica","tag-alcaldia-cartagena","tag-alcaldia-cartagena-de-indias","tag-lukatmi"],"_links":{"self":[{"href":"https:\/\/cartagenaaldia.com\/index.php\/wp-json\/wp\/v2\/posts\/4574","targetHints":{"allow":["GET"]}}],"collection":[{"href":"https:\/\/cartagenaaldia.com\/index.php\/wp-json\/wp\/v2\/posts"}],"about":[{"href":"https:\/\/cartagenaaldia.com\/index.php\/wp-json\/wp\/v2\/types\/post"}],"author":[{"embeddable":true,"href":"https:\/\/cartagenaaldia.com\/index.php\/wp-json\/wp\/v2\/users\/2"}],"replies":[{"embeddable":true,"href":"https:\/\/cartagenaaldia.com\/index.php\/wp-json\/wp\/v2\/comments?post=4574"}],"version-history":[{"count":1,"href":"https:\/\/cartagenaaldia.com\/index.php\/wp-json\/wp\/v2\/posts\/4574\/revisions"}],"predecessor-version":[{"id":4629,"href":"https:\/\/cartagenaaldia.com\/index.php\/wp-json\/wp\/v2\/posts\/4574\/revisions\/4629"}],"wp:featuredmedia":[{"embeddable":true,"href":"https:\/\/cartagenaaldia.com\/index.php\/wp-json\/wp\/v2\/media\/4628"}],"wp:attachment":[{"href":"https:\/\/cartagenaaldia.com\/index.php\/wp-json\/wp\/v2\/media?parent=4574"}],"wp:term":[{"taxonomy":"category","embeddable":true,"href":"https:\/\/cartagenaaldia.com\/index.php\/wp-json\/wp\/v2\/categories?post=4574"},{"taxonomy":"post_tag","embeddable":true,"href":"https:\/\/cartagenaaldia.com\/index.php\/wp-json\/wp\/v2\/tags?post=4574"}],"curies":[{"name":"wp","href":"https:\/\/api.w.org\/{rel}","templated":true}]}}