{"id":4509,"date":"2023-11-04T19:37:52","date_gmt":"2023-11-05T00:37:52","guid":{"rendered":"https:\/\/cartagenaaldia.com\/?p=4509"},"modified":"2023-11-04T19:37:53","modified_gmt":"2023-11-05T00:37:53","slug":"alcalde-dau-expide-decreto-que-declara-la-calamidad-publica-por-fuertes-lluvias-en-cartagena","status":"publish","type":"post","link":"https:\/\/cartagenaaldia.com\/index.php\/2023\/11\/04\/alcalde-dau-expide-decreto-que-declara-la-calamidad-publica-por-fuertes-lluvias-en-cartagena\/","title":{"rendered":"Alcalde Dau expide decreto que declara la calamidad p\u00fablica por fuertes lluvias en Cartagena"},"content":{"rendered":"\n<p><strong>Cartagena de Indias D.T. y C; 03 de noviembre de 2023. &#8211;<\/strong> Tal como lo anunci\u00f3 en el Consejo Distrital de Gesti\u00f3n del Riesgo de Desastres, realizado ayer, el alcalde William Dau Chamat expidi\u00f3 el Decreto 1441 de 2023, por medio del cual se declara la calamidad p\u00fablica en la ciudad, con el objetivo de tener mecanismos para la atenci\u00f3n r\u00e1pida y oportuna de las afectaciones derivadas de la temporada de lluvias.<\/p>\n\n\n\n<p>La situaci\u00f3n de Calamidad P\u00fablica en el Distrito estar\u00e1 vigente por 2 meses, tiempo en el cual se realizar\u00e1n las intervenciones y acciones administrativas, presupuestales y contractuales necesarias para la atenci\u00f3n inmediata de las situaciones de riesgo y superacion de las emergencias.<\/p>\n\n\n\n<p>En el marco de esta declaratoria se realizar\u00e1 un Plan de Acci\u00f3n Espec\u00edfico, que ser\u00e1 elaborado y coordinado en su ejecuci\u00f3n por el Consejo Distrital para la Gesti\u00f3n del Riesgo de Desastres. Su seguimiento y evaluaci\u00f3n estar\u00e1n a cargo de la Secretar\u00eda de Planeaci\u00f3n y del Consejo Distrital para la Gesti\u00f3n del Riesgo de Desastres, y reportados a la Unidad Nacional para al Gesti\u00f3n del Riesgo de Desastres.<\/p>\n\n\n\n<p>El Plan de Acci\u00f3n Espec\u00edfico deber\u00e1 ser formulado y aprobado dentro de los pr\u00f3ximos 15 d\u00edas por parte del Consejo Distrital para la Gesti\u00f3n del Riesgo de Desastres, una vez aprobado, deber\u00e1 ser ejecutado por todos sus miembros y dem\u00e1s entidades, autoridades y dependencias que se encuentran vinculadas en el plan.<\/p>\n\n\n\n<p>Reporte de afectaciones<\/p>\n\n\n\n<p>De acuerdo con el \u00faltimo reporte de la Oficina Asesora de Gesti\u00f3n del Riesgo de Desastres (OAGRD), el 87% de las afectaciones son asentamientos. Entre tanto, se han presentado 123 emergencias, 91 reportes por inundaci\u00f3n, y 56 barrios afectados desde las primeras lluvias del 27 de octubre a la fecha, de all\u00ed la importancia de la declaratoria de calamidad p\u00fablica.<\/p>\n\n\n\n<p>Avanza entrega de ayudas<\/p>\n\n\n\n<p>Es de resaltar que el Distrito, a trav\u00e9s de la Oficina de Gesti\u00f3n del Riesgo, viene adelantando la entrega de asistencia humanitaria a las familias m\u00e1s afectadas.<\/p>\n\n\n\n<p>La OAGRD ha hecho entrega ayudas humanitarias a 660 familias en toda la ciudad que sufrieron por colapsos en viviendas, deslizamientos e inundaci\u00f3n en algunos sectores. Los equipos han hecho presencia en zonas de Boston, Cerros de Albornoz, La Mar\u00eda sector Los Corales, algunas familias en Fredonia, Nelson Mandela sector Los Deseos, Henequ\u00e9n, La Campi\u00f1a, Urbanizaci\u00f3n Sim\u00f3n Bol\u00edvar, San Fernando, Tierra Baja y El Poz\u00f3n.<\/p>\n\n\n\n<p>Las ayudas est\u00e1n compuestas de asistencia alimentaria, kits de aseo, de cocina, colchonetas y, en algunos casos, tejas de fibrocemento, seg\u00fan sea el nivel de afectaci\u00f3n.<\/p>\n\n\n\n<p>Estas ayudas han sido entregadas en su totalidad con recursos del Distrito, y se est\u00e1 a la espera de un paquete m\u00e1s grande que se est\u00e1 gestionando con el Gobierno Nacional, y que permitir\u00e1 la cobertura total a las cerca de 14.000 familias afectadas en la ciudad.<\/p>\n\n\n\n<p>De acuerdo al pron\u00f3stico, se espera que las lluvias bajar\u00e1n en intensidad en los pr\u00f3ximos d\u00edas, lo que permitir\u00e1 una r\u00e1pida intervenci\u00f3n desde varios puntos por parte de la Administraci\u00f3n Distrital.<\/p>\n","protected":false},"excerpt":{"rendered":"<p>Esta figura permite tener una atenci\u00f3n r\u00e1pida y oportuna de las familias afectadas y da\u00f1os ocasionados por las lluvias en la ciudad. La Calamidad P\u00fablica estar\u00e1 vigente durante dos meses.<\/p>\n","protected":false},"author":2,"featured_media":4510,"comment_status":"closed","ping_status":"closed","sticky":false,"template":"","format":"standard","meta":{"om_disable_all_campaigns":false,"_monsterinsights_skip_tracking":false,"_monsterinsights_sitenote_active":false,"_monsterinsights_sitenote_note":"","_monsterinsights_sitenote_category":0,"footnotes":""},"categories":[103,102,105],"tags":[275,197,315],"class_list":["post-4509","post","type-post","status-publish","format-standard","has-post-thumbnail","hentry","category-economia","category-generales","category-politica","tag-alcaldia-cartagena","tag-alcaldia-cartagena-de-indias","tag-lukatmi"],"_links":{"self":[{"href":"https:\/\/cartagenaaldia.com\/index.php\/wp-json\/wp\/v2\/posts\/4509","targetHints":{"allow":["GET"]}}],"collection":[{"href":"https:\/\/cartagenaaldia.com\/index.php\/wp-json\/wp\/v2\/posts"}],"about":[{"href":"https:\/\/cartagenaaldia.com\/index.php\/wp-json\/wp\/v2\/types\/post"}],"author":[{"embeddable":true,"href":"https:\/\/cartagenaaldia.com\/index.php\/wp-json\/wp\/v2\/users\/2"}],"replies":[{"embeddable":true,"href":"https:\/\/cartagenaaldia.com\/index.php\/wp-json\/wp\/v2\/comments?post=4509"}],"version-history":[{"count":1,"href":"https:\/\/cartagenaaldia.com\/index.php\/wp-json\/wp\/v2\/posts\/4509\/revisions"}],"predecessor-version":[{"id":4511,"href":"https:\/\/cartagenaaldia.com\/index.php\/wp-json\/wp\/v2\/posts\/4509\/revisions\/4511"}],"wp:featuredmedia":[{"embeddable":true,"href":"https:\/\/cartagenaaldia.com\/index.php\/wp-json\/wp\/v2\/media\/4510"}],"wp:attachment":[{"href":"https:\/\/cartagenaaldia.com\/index.php\/wp-json\/wp\/v2\/media?parent=4509"}],"wp:term":[{"taxonomy":"category","embeddable":true,"href":"https:\/\/cartagenaaldia.com\/index.php\/wp-json\/wp\/v2\/categories?post=4509"},{"taxonomy":"post_tag","embeddable":true,"href":"https:\/\/cartagenaaldia.com\/index.php\/wp-json\/wp\/v2\/tags?post=4509"}],"curies":[{"name":"wp","href":"https:\/\/api.w.org\/{rel}","templated":true}]}}