{"id":4502,"date":"2023-11-02T22:16:57","date_gmt":"2023-11-03T03:16:57","guid":{"rendered":"https:\/\/cartagenaaldia.com\/?p=4502"},"modified":"2023-11-03T04:14:11","modified_gmt":"2023-11-03T09:14:11","slug":"alcaldia-de-cartagena-anuncia-declaratoria-de-calamidad-publica-por-ola-invernal","status":"publish","type":"post","link":"https:\/\/cartagenaaldia.com\/index.php\/2023\/11\/02\/alcaldia-de-cartagena-anuncia-declaratoria-de-calamidad-publica-por-ola-invernal\/","title":{"rendered":"Alcald\u00eda de Cartagena anuncia declaratoria de calamidad p\u00fablica por ola invernal"},"content":{"rendered":"\n<p>Cartagena de Indias D. T. y C; 02 de noviembre de 2023. &#8211; La Alcald\u00eda de Cartagena  anunci\u00f3 que pr\u00f3ximamente se emitir\u00e1 decreto por medio del cual se declara Calamidad P\u00fablica en el Distrito, por las afectaciones de las fuertes lluvias que han impactado a m\u00e1s de 10.200 familias. <\/p>\n\n\n\n<p>Tras la declaratoria de calamidad p\u00fablica, que estar\u00e1 vigente por los pr\u00f3ximos seis meses, de acuerdo a la Ley 1523 de 2012 que regula el Sistema Nacional de Gesti\u00f3n del Riesgo de Desastres, la Alcald\u00eda de Cartagena continuar\u00e1 adelantando acciones para la respuesta inmediata a las afectaciones. <\/p>\n\n\n\n<p>\u201cAcabamos de terminar una sesi\u00f3n extraordinaria del Consejo de Gesti\u00f3n del Riesgo de Desastres, que por mayor\u00eda absoluta decidimos declarar la calamidad p\u00fablica, esto nos permitir\u00e1 tomar acciones r\u00e1pidas para poder ayudar a todos los damnificados\u201d, manifest\u00f3 el alcalde de Cartagena, William Dau Chamat.<\/p>\n\n\n\n<p>A su turno, el Secretario de Planeaci\u00f3n, Franklin Amador, indic\u00f3: \u201cen vista de la gran poblaci\u00f3n damnificada, el alcalde convoc\u00f3 a todo el gabinete para aprobar de manera un\u00e1nime la declaraci\u00f3n de calamidad p\u00fablica. Ahora construiremos el plan de acci\u00f3n espec\u00edfico para atender esta calamidad, y as\u00ed mitigar toda esa afectaci\u00f3n que est\u00e1n viviendo los ciudadanos\u201d.<\/p>\n\n\n\n<p>De acuerdo con el reporte de la Oficina Asesora de Gesti\u00f3n del Riesgo de Desastres, el 87% de las afectaciones son asentamientos. Entre tanto, se han presentado 123 emergencias, 91 reportes por inundaci\u00f3n, y 56 barrios afectados desde las primeras lluvias del 27 de octubre a la fecha. <\/p>\n\n\n\n<p>Hay que destacar que, la Alcald\u00eda de Cartagena est\u00e1 gestionado 15.000 ayudas humanitarias para apoyar a las personas damnificadas por la ola invernal. <\/p>\n\n\n\n<p>A esta hora, contin\u00faa activa la mesa de seguimiento con el Gobierno Nacional, para tomar decisiones que permitan enfrentar las emergencias.<\/p>\n\n\n\n<figure class=\"wp-block-embed is-type-video is-provider-youtube wp-block-embed-youtube wp-embed-aspect-16-9 wp-has-aspect-ratio\"><div class=\"wp-block-embed__wrapper\">\n<iframe title=\"Alcald\u00eda de Cartagena anuncia declaratoria de calamidad p\u00fablica por ola invernal\" width=\"500\" height=\"281\" src=\"https:\/\/www.youtube.com\/embed\/nvv-ktUEXeQ?feature=oembed\" frameborder=\"0\" allow=\"accelerometer; autoplay; clipboard-write; encrypted-media; gyroscope; picture-in-picture; web-share\" referrerpolicy=\"strict-origin-when-cross-origin\" allowfullscreen><\/iframe>\n<\/div><\/figure>\n","protected":false},"excerpt":{"rendered":"<p>El alcalde de Cartagena est\u00e1 gestionando m\u00e1s de 15.000 ayudas con el Gobierno Nacional para la emergencia<\/p>\n","protected":false},"author":2,"featured_media":4503,"comment_status":"closed","ping_status":"closed","sticky":false,"template":"","format":"standard","meta":{"om_disable_all_campaigns":false,"_monsterinsights_skip_tracking":false,"_monsterinsights_sitenote_active":false,"_monsterinsights_sitenote_note":"","_monsterinsights_sitenote_category":0,"footnotes":""},"categories":[102,105],"tags":[275,197,315],"class_list":["post-4502","post","type-post","status-publish","format-standard","has-post-thumbnail","hentry","category-generales","category-politica","tag-alcaldia-cartagena","tag-alcaldia-cartagena-de-indias","tag-lukatmi"],"_links":{"self":[{"href":"https:\/\/cartagenaaldia.com\/index.php\/wp-json\/wp\/v2\/posts\/4502","targetHints":{"allow":["GET"]}}],"collection":[{"href":"https:\/\/cartagenaaldia.com\/index.php\/wp-json\/wp\/v2\/posts"}],"about":[{"href":"https:\/\/cartagenaaldia.com\/index.php\/wp-json\/wp\/v2\/types\/post"}],"author":[{"embeddable":true,"href":"https:\/\/cartagenaaldia.com\/index.php\/wp-json\/wp\/v2\/users\/2"}],"replies":[{"embeddable":true,"href":"https:\/\/cartagenaaldia.com\/index.php\/wp-json\/wp\/v2\/comments?post=4502"}],"version-history":[{"count":2,"href":"https:\/\/cartagenaaldia.com\/index.php\/wp-json\/wp\/v2\/posts\/4502\/revisions"}],"predecessor-version":[{"id":4505,"href":"https:\/\/cartagenaaldia.com\/index.php\/wp-json\/wp\/v2\/posts\/4502\/revisions\/4505"}],"wp:featuredmedia":[{"embeddable":true,"href":"https:\/\/cartagenaaldia.com\/index.php\/wp-json\/wp\/v2\/media\/4503"}],"wp:attachment":[{"href":"https:\/\/cartagenaaldia.com\/index.php\/wp-json\/wp\/v2\/media?parent=4502"}],"wp:term":[{"taxonomy":"category","embeddable":true,"href":"https:\/\/cartagenaaldia.com\/index.php\/wp-json\/wp\/v2\/categories?post=4502"},{"taxonomy":"post_tag","embeddable":true,"href":"https:\/\/cartagenaaldia.com\/index.php\/wp-json\/wp\/v2\/tags?post=4502"}],"curies":[{"name":"wp","href":"https:\/\/api.w.org\/{rel}","templated":true}]}}