{"id":4494,"date":"2023-11-02T20:16:51","date_gmt":"2023-11-03T01:16:51","guid":{"rendered":"https:\/\/cartagenaaldia.com\/?p=4494"},"modified":"2023-11-02T20:40:12","modified_gmt":"2023-11-03T01:40:12","slug":"la-direccion-de-control-urbano-rindio-cuentas-de-su-gestion-en-la-administracion-salvemos-juntos-a-cartagena","status":"publish","type":"post","link":"https:\/\/cartagenaaldia.com\/index.php\/2023\/11\/02\/la-direccion-de-control-urbano-rindio-cuentas-de-su-gestion-en-la-administracion-salvemos-juntos-a-cartagena\/","title":{"rendered":"La Direcci\u00f3n de Control Urbano rindi\u00f3 cuentas de su gesti\u00f3n en la Administraci\u00f3n Salvemos Juntos a Cartagena"},"content":{"rendered":"\n<p>Cartagena de Indias D.T y C; 31 de octubre de 2023. &#8211; La Direcci\u00f3n de Control Urbano de la Secretar\u00eda de Planeaci\u00f3n Distrital present\u00f3 su gesti\u00f3n y logros del cuatrienio en el segundo Di\u00e1logo Participativo de la Rendici\u00f3n de Cuentas 2020-2023.<\/p>\n\n\n\n<p>\u201cPresentamos ante la ciudadan\u00eda y el Alcalde Dau en este Di\u00e1logo Participativo, la gesti\u00f3n de Control Urbano durante estos cuatro a\u00f1os. En este periodo, se han hecho varias cosas que, por primera vez, se hacen en Cartagena en el tema de Control Urbano y de derecho al h\u00e1bitat. Por primera vez, Cartagena tiene un Plan de Normalizaci\u00f3n Urban\u00edstica que le permite ejecutar actividades reales y concretas en materia de Control Urbano. Cuerpo \u00c9lite, Defensores Urbanos y el micrositio de atenci\u00f3n, estas tres metas est\u00e1n casi en un 100% y han permitido a los ciudadanos y ciudadanas un mejor ejercicio de control urbano en la ciudad\u201d, expres\u00f3 Carlos Eduardo Mart\u00ednez, director de Control Urbano. <\/p>\n\n\n\n<p>Durante el Di\u00e1logo Participativo, la oficina de Control Urbano present\u00f3 los avances del Plan de Normalizaci\u00f3n Urban\u00edstica, destacando los 54 operativos de inspecci\u00f3n y vigilancia realizados a trav\u00e9s del Cuerpo \u00c9lite del distrito y los 4.209 ciudadanos capacitados en normatividad urban\u00edstica vigente. Metas que hacen parte de las dos estrategias banderas de la Direcci\u00f3n, Cuerpo \u00c9lite y Defensores Urbanos Barriales. <\/p>\n\n\n\n<p>Entre los logros presentados, destacan la creaci\u00f3n y adopci\u00f3n del Decreto 1171 del 26 de octubre de 2021, mediante el cual se establece el procedimiento para el tr\u00e1mite de titulaci\u00f3n, recepci\u00f3n e incorporaci\u00f3n de bienes destinados al uso p\u00fablico; y el Decreto 1391 del 4 de octubre de 2022, de inspecci\u00f3n, vigilancia y control de enajenadores de vivienda del distrito. Actos administrativos que permitieron mejorar el control urban\u00edstico en la ciudad y sentar precedentes a nivel nacional. <\/p>\n\n\n\n<p>A trav\u00e9s de la gesti\u00f3n de la Direcci\u00f3n de Control Urbano, Cartagena por primera vez logr\u00f3: <\/p>\n\n\n\n<p>-Contar con un proceso reglamentado y estandarizado, para la recepci\u00f3n de \u00e1reas de cesi\u00f3n obligatoria al Distrito; como garant\u00eda del derecho al espacio p\u00fablico de los ciudadanos. <\/p>\n\n\n\n<p>-Creaci\u00f3n del Comit\u00e9 t\u00e9cnico de \u00e1reas de cesi\u00f3n del Distrito. <\/p>\n\n\n\n<p>-Creaci\u00f3n del reglamento del comit\u00e9 t\u00e9cnico de \u00e1reas de cesi\u00f3n.<\/p>\n\n\n\n<p>-Operativo de Cuerpo \u00c9lite en la zona insular de Cartagena: Isla Fuerte.<\/p>\n\n\n\n<p>-Oferta acad\u00e9mica gratuita para los ciudadanos con los dos diplomados en Derecho Urbano desarrollados por la oficina de Control Urbano. <\/p>\n\n\n\n<p>-Permanentes operativos de inspecci\u00f3n, vigilancia y control a los enajenadores de vivienda e inicio de actuaciones administrativas. 436 visitas de inspecci\u00f3n. <\/p>\n\n\n\n<p>-Contar con un mapa georreferenciado de los proyectos radicados legalmente en Cartagena.<\/p>\n\n\n\n<p>-Toma de posesi\u00f3n del edificio Ocean Tower.<\/p>\n\n\n\n<p>-Incrementado de un 12.33% en el recaudo de Publicidad Exterior Visual frente al cuatrienio anterior (2016-2019).<\/p>\n\n\n\n<p>\u201cTodos estos resultados hacen parte del sello tractor \u201cPor primera vez\u201d. Son avancen que no se obtuvieron en administraciones pasadas y que hoy se vuelven un referente en temas de h\u00e1bitat en la ciudad. Nos hemos convertido en una apuesta real para que el ejercicio de control urbano no sea solo de radicaci\u00f3n y recepci\u00f3n de documentos, sino la posibilidad de garantizar a trav\u00e9s de esas acciones el derecho fundamental a la vivienda y al espacio p\u00fablico de los ciudadanos\u201d, afirm\u00f3 en la clausura del encuentro, Carlos Mart\u00ednez. <\/p>\n\n\n\n<p>Por su parte, M\u00f3nica Herazo, Inspectora de la 1B &#8211; Centro Hist\u00f3rico, quien particip\u00f3 en calidad de asistente, puntualiz\u00f3: \u201cme pareci\u00f3 un espacio supremamente interesante e importante para que la ciudadan\u00eda se entere de c\u00f3mo es el manejo y en qu\u00e9 est\u00e1 trabajando la oficina de Control Urbano en beneficio de todos los ciudadanos\u201d. <\/p>\n\n\n\n<p>La administraci\u00f3n Salvemos Juntos a Cartagena continuar\u00e1 rindiendo cuentas de la gesti\u00f3n realizada durante el cuatrienio 2020 &#8211; 2023, por lo cual se tienen previstos otros di\u00e1logos participativos.<\/p>\n\n\n\n<figure class=\"wp-block-embed is-type-video is-provider-youtube wp-block-embed-youtube wp-embed-aspect-16-9 wp-has-aspect-ratio\"><div class=\"wp-block-embed__wrapper\">\n<iframe title=\"La Direcci\u00f3n de Control Urbano rindi\u00f3 cuentas de su gesti\u00f3n en la Administraci\u00f3n Dau\" width=\"500\" height=\"281\" src=\"https:\/\/www.youtube.com\/embed\/zk9ajC7F1eQ?feature=oembed\" frameborder=\"0\" allow=\"accelerometer; autoplay; clipboard-write; encrypted-media; gyroscope; picture-in-picture; web-share\" referrerpolicy=\"strict-origin-when-cross-origin\" allowfullscreen><\/iframe>\n<\/div><\/figure>\n\n\n\n<figure class=\"wp-block-embed is-type-video is-provider-youtube wp-block-embed-youtube wp-embed-aspect-16-9 wp-has-aspect-ratio\"><div class=\"wp-block-embed__wrapper\">\n<iframe title=\"La Direcci\u00f3n de Control Urbano rindi\u00f3 cuentas de su gesti\u00f3n en la Administraci\u00f3n Dau\" width=\"500\" height=\"281\" src=\"https:\/\/www.youtube.com\/embed\/wNxfzJIabo0?feature=oembed\" frameborder=\"0\" allow=\"accelerometer; autoplay; clipboard-write; encrypted-media; gyroscope; picture-in-picture; web-share\" referrerpolicy=\"strict-origin-when-cross-origin\" allowfullscreen><\/iframe>\n<\/div><\/figure>\n","protected":false},"excerpt":{"rendered":"<p>En el Di\u00e1logo Participativo, la Oficina de Control Urbano present\u00f3 los avances del Plan de Normalizaci\u00f3n Urban\u00edstica, destacando los 54 operativos de inspecci\u00f3n y control realizados a trav\u00e9s del Cuerpo \u00c9lite del Distrito y los 4.209 ciudadanos capacitados en normatividad urban\u00edstica vigente.<\/p>\n","protected":false},"author":2,"featured_media":4495,"comment_status":"closed","ping_status":"closed","sticky":false,"template":"","format":"standard","meta":{"om_disable_all_campaigns":false,"_monsterinsights_skip_tracking":false,"_monsterinsights_sitenote_active":false,"_monsterinsights_sitenote_note":"","_monsterinsights_sitenote_category":0,"footnotes":""},"categories":[102,105],"tags":[275,197,315],"class_list":["post-4494","post","type-post","status-publish","format-standard","has-post-thumbnail","hentry","category-generales","category-politica","tag-alcaldia-cartagena","tag-alcaldia-cartagena-de-indias","tag-lukatmi"],"_links":{"self":[{"href":"https:\/\/cartagenaaldia.com\/index.php\/wp-json\/wp\/v2\/posts\/4494","targetHints":{"allow":["GET"]}}],"collection":[{"href":"https:\/\/cartagenaaldia.com\/index.php\/wp-json\/wp\/v2\/posts"}],"about":[{"href":"https:\/\/cartagenaaldia.com\/index.php\/wp-json\/wp\/v2\/types\/post"}],"author":[{"embeddable":true,"href":"https:\/\/cartagenaaldia.com\/index.php\/wp-json\/wp\/v2\/users\/2"}],"replies":[{"embeddable":true,"href":"https:\/\/cartagenaaldia.com\/index.php\/wp-json\/wp\/v2\/comments?post=4494"}],"version-history":[{"count":2,"href":"https:\/\/cartagenaaldia.com\/index.php\/wp-json\/wp\/v2\/posts\/4494\/revisions"}],"predecessor-version":[{"id":4498,"href":"https:\/\/cartagenaaldia.com\/index.php\/wp-json\/wp\/v2\/posts\/4494\/revisions\/4498"}],"wp:featuredmedia":[{"embeddable":true,"href":"https:\/\/cartagenaaldia.com\/index.php\/wp-json\/wp\/v2\/media\/4495"}],"wp:attachment":[{"href":"https:\/\/cartagenaaldia.com\/index.php\/wp-json\/wp\/v2\/media?parent=4494"}],"wp:term":[{"taxonomy":"category","embeddable":true,"href":"https:\/\/cartagenaaldia.com\/index.php\/wp-json\/wp\/v2\/categories?post=4494"},{"taxonomy":"post_tag","embeddable":true,"href":"https:\/\/cartagenaaldia.com\/index.php\/wp-json\/wp\/v2\/tags?post=4494"}],"curies":[{"name":"wp","href":"https:\/\/api.w.org\/{rel}","templated":true}]}}