{"id":4490,"date":"2023-11-02T19:09:59","date_gmt":"2023-11-03T00:09:59","guid":{"rendered":"https:\/\/cartagenaaldia.com\/?p=4490"},"modified":"2023-11-02T19:11:38","modified_gmt":"2023-11-03T00:11:38","slug":"alcalde-william-dau-designo-comision-de-empalme-para-la-transicion-de-gobierno-distrital-en-cartagena","status":"publish","type":"post","link":"https:\/\/cartagenaaldia.com\/index.php\/2023\/11\/02\/alcalde-william-dau-designo-comision-de-empalme-para-la-transicion-de-gobierno-distrital-en-cartagena\/","title":{"rendered":"Alcalde William Dau design\u00f3 comisi\u00f3n de empalme para la transici\u00f3n de gobierno distrital en Cartagena"},"content":{"rendered":"\n<p>Cartagena de Indias D.T. y C; 31 de octubre de 2023. &#8211; El alcalde de Cartagena, William Dau Chamat, en cumplimiento de sus responsabilidades y con el objetivo de asegurar una transici\u00f3n administrativa eficiente y transparente, ha designado la Comisi\u00f3n de Empalme para la Alcald\u00eda de Cartagena, mediante el decreto 1313 del 9 de octubre de 2023.<\/p>\n\n\n\n<p>\u201cDesde la administraci\u00f3n Salvemos Juntos a Cartagena nos encontramos preparados para recibir a la administraci\u00f3n entrante con toda la informaci\u00f3n que requieren para iniciar su proceso de gobierno y a la espera de que dicho proceso se inicie. Esta comisi\u00f3n ha venido sosteniendo diferentes mesas de trabajo en las que se han definido los lineamientos y la ruta para llevar a cabo el empalme\u201d, manifest\u00f3 Franklin Amador, secretario de Planeaci\u00f3n.<\/p>\n\n\n\n<p>La Comisi\u00f3n de Empalme estar\u00e1 liderada por la secretaria del Interior, Ana Mar\u00eda Gonz\u00e1lez, quien estar\u00e1 acompa\u00f1ada del secretario de Planeaci\u00f3n, Franklin Amador; el secretario General, Carlos La Rota; la secretaria de Participaci\u00f3n, Cielo Blanco; la Asesora Jur\u00eddica, Myrna Mart\u00ednez; la jefa de Control Interno, Verena Luc\u00eda Guerrero Betty; la jefa de la Comunicaciones y Prensa, Laura Cardona, y la asesora de Transparencia, Daniela Puello.<\/p>\n\n\n\n<p>Su principal tarea ser\u00e1 facilitar la transici\u00f3n de gobierno, garantizando la continuidad de los proyectos y programas de la administraci\u00f3n saliente, as\u00ed como la informaci\u00f3n que permita la preparaci\u00f3n y planeaci\u00f3n de las acciones que se llevar\u00e1n a cabo durante la nueva administraci\u00f3n.<\/p>\n","protected":false},"excerpt":{"rendered":"<p>Mediante decreto 1313 del 9 de octubre de 2023, se estableci\u00f3 la comisi\u00f3n responsable del denominado empalme de ambos gobiernos.<\/p>\n","protected":false},"author":2,"featured_media":4492,"comment_status":"closed","ping_status":"closed","sticky":false,"template":"","format":"standard","meta":{"om_disable_all_campaigns":false,"_monsterinsights_skip_tracking":false,"_monsterinsights_sitenote_active":false,"_monsterinsights_sitenote_note":"","_monsterinsights_sitenote_category":0,"footnotes":""},"categories":[102,105],"tags":[275,197,315],"class_list":["post-4490","post","type-post","status-publish","format-standard","has-post-thumbnail","hentry","category-generales","category-politica","tag-alcaldia-cartagena","tag-alcaldia-cartagena-de-indias","tag-lukatmi"],"_links":{"self":[{"href":"https:\/\/cartagenaaldia.com\/index.php\/wp-json\/wp\/v2\/posts\/4490","targetHints":{"allow":["GET"]}}],"collection":[{"href":"https:\/\/cartagenaaldia.com\/index.php\/wp-json\/wp\/v2\/posts"}],"about":[{"href":"https:\/\/cartagenaaldia.com\/index.php\/wp-json\/wp\/v2\/types\/post"}],"author":[{"embeddable":true,"href":"https:\/\/cartagenaaldia.com\/index.php\/wp-json\/wp\/v2\/users\/2"}],"replies":[{"embeddable":true,"href":"https:\/\/cartagenaaldia.com\/index.php\/wp-json\/wp\/v2\/comments?post=4490"}],"version-history":[{"count":1,"href":"https:\/\/cartagenaaldia.com\/index.php\/wp-json\/wp\/v2\/posts\/4490\/revisions"}],"predecessor-version":[{"id":4491,"href":"https:\/\/cartagenaaldia.com\/index.php\/wp-json\/wp\/v2\/posts\/4490\/revisions\/4491"}],"wp:featuredmedia":[{"embeddable":true,"href":"https:\/\/cartagenaaldia.com\/index.php\/wp-json\/wp\/v2\/media\/4492"}],"wp:attachment":[{"href":"https:\/\/cartagenaaldia.com\/index.php\/wp-json\/wp\/v2\/media?parent=4490"}],"wp:term":[{"taxonomy":"category","embeddable":true,"href":"https:\/\/cartagenaaldia.com\/index.php\/wp-json\/wp\/v2\/categories?post=4490"},{"taxonomy":"post_tag","embeddable":true,"href":"https:\/\/cartagenaaldia.com\/index.php\/wp-json\/wp\/v2\/tags?post=4490"}],"curies":[{"name":"wp","href":"https:\/\/api.w.org\/{rel}","templated":true}]}}