{"id":4466,"date":"2023-10-30T18:06:16","date_gmt":"2023-10-30T23:06:16","guid":{"rendered":"https:\/\/cartagenaaldia.com\/?p=4466"},"modified":"2023-10-30T19:39:09","modified_gmt":"2023-10-31T00:39:09","slug":"mil-jovenes-parchados-con-el-pes-pedro-romero-para-prevenir-consumo-de-sustancias-psicoactivas","status":"publish","type":"post","link":"https:\/\/cartagenaaldia.com\/index.php\/2023\/10\/30\/mil-jovenes-parchados-con-el-pes-pedro-romero-para-prevenir-consumo-de-sustancias-psicoactivas\/","title":{"rendered":"Mil j\u00f3venes \u2018parchados\u2019 con el PES-Pedro Romero para prevenir consumo de sustancias psicoactivas"},"content":{"rendered":"\n<p><strong>Cartagena de Indias D. T. y C; 28 de octubre de 2023. &#8211;<\/strong> A trav\u00e9s de la estrategia &#8216;Nuestro parche es sano, \u00a1No te consumas!\u2019, 100 estudiantes de instituciones educativas del Distrito se capacitaron en prevenci\u00f3n de consumo de sustancias psicoactivas, violencia escolar y habilidades sociales e inteligencia emocional.<\/p>\n\n\n\n<p>Estas capacitaciones fueron desarrolladas por el Plan de Emergencia Social- Pedro Romero, con la intenci\u00f3n de sensibilizar a los j\u00f3venes en estas problem\u00e1ticas, reforzando en educaci\u00f3n en valores, proyecto de vida y toma de decisiones en cada situaci\u00f3n de sus vidas, lejos de las presiones de grupo y la opini\u00f3n de los dem\u00e1s.&nbsp;&nbsp;<\/p>\n\n\n\n<p>Los participantes pudieron concluir que el consumo de drogas avanza cada vez m\u00e1s y es&nbsp;primordial conocer del tema para que los adolescentes no caigan o reincidan en situaciones de consumo.<\/p>\n\n\n\n<p>\u201cEstoy m\u00e1s informado acerca del tema de las sustancias psicoactivas y acoso a los estudiantes, ahora s\u00e9 qu\u00e9 hacer en estas situaciones y de qu\u00e9 manera actuar\u201d, manifest\u00f3 Sebasti\u00e1n Baena, alumno de la Instituci\u00f3n Educativa Santa Mar\u00eda.&nbsp;<\/p>\n\n\n\n<p>Jhon F. Kennedy, Fe y Alegr\u00eda -El Progreso, La Boquilla, Nuestra Se\u00f1ora del Carmen, Fredonia, Omaira S\u00e1nchez Garz\u00f3n, Santa Mar\u00eda, Coraz\u00f3n de Mar\u00eda, Tierra Bomba y Manuel Clemente Zabala, son las diez instituciones educativas pertenecientes al proyecto, que tiene como meta final impactar a 1.000 adolescentes mediante r\u00e9plicas.&nbsp;<\/p>\n\n\n\n<p>Por otro lado, Oriana Piedrahita, de la Instituci\u00f3n educativa de La Boquilla, expres\u00f3: \u201ceste taller es muy bueno porque nos ayuda a que los j\u00f3venes no consumamos sustancias da\u00f1inas para el cuerpo y tambi\u00e9n nos convierte en guardianes que ayudan a los que est\u00e1n en ese mundo\u201d.&nbsp;La tercera y \u00faltima fase es un foro de cierre en el cual se integren todas las comunidades educativas que hacen parte del proceso formativo.<\/p>\n\n\n\n<p>\u201c&#8217;Nuestro parche es sano\u2019 hace parte de las acciones del programa de Din\u00e1mica Familiar del PES- Pedro Romero, cuyo objetivo es promover el fortalecimiento del n\u00facleo familiar, el entorno social y comunitario de las familias en situaci\u00f3n de pobreza extrema, v\u00edctimas y migrantes, con el fin de fomentar el tejido familiar; as\u00ed mismo implementar estrategias educativas-pedag\u00f3gicas para disminuir el consumo de sustancias psicoactivas, la violencia basada en g\u00e9nero y el embarazo a temprana edad en j\u00f3venes y adolescentes\u201d, asegur\u00f3 su directora Delly de La Rosa.<\/p>\n\n\n\n<figure class=\"wp-block-embed is-type-video is-provider-youtube wp-block-embed-youtube wp-embed-aspect-16-9 wp-has-aspect-ratio\"><div class=\"wp-block-embed__wrapper\">\n<iframe title=\"Los j\u00f3venes parchan  con el PES PR\" width=\"500\" height=\"281\" src=\"https:\/\/www.youtube.com\/embed\/FuSok6HGt4I?feature=oembed\" frameborder=\"0\" allow=\"accelerometer; autoplay; clipboard-write; encrypted-media; gyroscope; picture-in-picture; web-share\" referrerpolicy=\"strict-origin-when-cross-origin\" allowfullscreen><\/iframe>\n<\/div><figcaption class=\"wp-element-caption\">FULL- Sebasti\u00e1n Baena, alumno de la Instituci\u00f3n Educativa Santa Mar\u00eda.<\/figcaption><\/figure>\n\n\n\n<figure class=\"wp-block-embed is-type-video is-provider-youtube wp-block-embed-youtube wp-embed-aspect-16-9 wp-has-aspect-ratio\"><div class=\"wp-block-embed__wrapper\">\n<iframe title=\"Los j\u00f3venes parchan por el PES-PR\" width=\"500\" height=\"281\" src=\"https:\/\/www.youtube.com\/embed\/hF93q-pB2sM?feature=oembed\" frameborder=\"0\" allow=\"accelerometer; autoplay; clipboard-write; encrypted-media; gyroscope; picture-in-picture; web-share\" referrerpolicy=\"strict-origin-when-cross-origin\" allowfullscreen><\/iframe>\n<\/div><figcaption class=\"wp-element-caption\">Oriana Piedrahita, de la Instituci\u00f3n educativa de La Boquilla<\/figcaption><\/figure>\n","protected":false},"excerpt":{"rendered":"<p>Los estudiantes de las instituciones educativas fueron sensibilizados sobre el consumo de drogas y adem\u00e1s se capacitaron en violencia escolar y habilidades sociales e inteligencia emocional.<\/p>\n","protected":false},"author":2,"featured_media":4467,"comment_status":"closed","ping_status":"closed","sticky":false,"template":"","format":"standard","meta":{"om_disable_all_campaigns":false,"_monsterinsights_skip_tracking":false,"_monsterinsights_sitenote_active":false,"_monsterinsights_sitenote_note":"","_monsterinsights_sitenote_category":0,"footnotes":""},"categories":[112,102,109],"tags":[275,197,315],"class_list":["post-4466","post","type-post","status-publish","format-standard","has-post-thumbnail","hentry","category-educacion","category-generales","category-salud","tag-alcaldia-cartagena","tag-alcaldia-cartagena-de-indias","tag-lukatmi"],"_links":{"self":[{"href":"https:\/\/cartagenaaldia.com\/index.php\/wp-json\/wp\/v2\/posts\/4466","targetHints":{"allow":["GET"]}}],"collection":[{"href":"https:\/\/cartagenaaldia.com\/index.php\/wp-json\/wp\/v2\/posts"}],"about":[{"href":"https:\/\/cartagenaaldia.com\/index.php\/wp-json\/wp\/v2\/types\/post"}],"author":[{"embeddable":true,"href":"https:\/\/cartagenaaldia.com\/index.php\/wp-json\/wp\/v2\/users\/2"}],"replies":[{"embeddable":true,"href":"https:\/\/cartagenaaldia.com\/index.php\/wp-json\/wp\/v2\/comments?post=4466"}],"version-history":[{"count":2,"href":"https:\/\/cartagenaaldia.com\/index.php\/wp-json\/wp\/v2\/posts\/4466\/revisions"}],"predecessor-version":[{"id":4470,"href":"https:\/\/cartagenaaldia.com\/index.php\/wp-json\/wp\/v2\/posts\/4466\/revisions\/4470"}],"wp:featuredmedia":[{"embeddable":true,"href":"https:\/\/cartagenaaldia.com\/index.php\/wp-json\/wp\/v2\/media\/4467"}],"wp:attachment":[{"href":"https:\/\/cartagenaaldia.com\/index.php\/wp-json\/wp\/v2\/media?parent=4466"}],"wp:term":[{"taxonomy":"category","embeddable":true,"href":"https:\/\/cartagenaaldia.com\/index.php\/wp-json\/wp\/v2\/categories?post=4466"},{"taxonomy":"post_tag","embeddable":true,"href":"https:\/\/cartagenaaldia.com\/index.php\/wp-json\/wp\/v2\/tags?post=4466"}],"curies":[{"name":"wp","href":"https:\/\/api.w.org\/{rel}","templated":true}]}}