{"id":4336,"date":"2023-10-25T22:22:08","date_gmt":"2023-10-26T03:22:08","guid":{"rendered":"https:\/\/cartagenaaldia.com\/?p=4336"},"modified":"2023-10-25T22:22:09","modified_gmt":"2023-10-26T03:22:09","slug":"ternera-gambote-sin-energia-este-26-oct-23","status":"publish","type":"post","link":"https:\/\/cartagenaaldia.com\/index.php\/2023\/10\/25\/ternera-gambote-sin-energia-este-26-oct-23\/","title":{"rendered":"Ternera &#8211; Gambote sin energ\u00eda este 26 Oct 23"},"content":{"rendered":"\n<p>Cartagena de Indias, 25 de octubre de 2023.- Cumpliendo con el compromiso de garantizar la calidad del servicio de energ\u00eda en la regi\u00f3n Caribe, Afinia, filial del Grupo EPM realizar\u00e1 adecuaciones necesarias en la infraestructura el\u00e9ctrica de la l\u00ednea 615 (Ternera &#8211; Gambote) ma\u00f1ana, 26 de octubre, de 6:00 a.m. a 8:30 a.m.<\/p>\n\n\n\n<p>El equipo especializado de Alta Tensi\u00f3n adelantar\u00e1 estas labores de manera preventiva para evitar fallas en un empalme que luego de una inspecci\u00f3n termogr\u00e1fica present\u00f3 un aumento de temperatura de 143 \u00b0C.<\/p>\n\n\n\n<p>Durante este periodo estar\u00e1n sin energ\u00eda las \u00e1reas urbanas y rurales de Mahates, Mar\u00eda la Baja, el corregimiento de San Cayetano y una peque\u00f1a parte de Arjona.<\/p>\n\n\n\n<p>Afinia agradece la comprensi\u00f3n de la comunidad mientras se ejecutan estas adecuaciones, reiterando su compromiso en primer lugar con el bienestar de los usuarios y adicionalmente, con la seguridad y eficiencia en la provisi\u00f3n de energ\u00eda.<\/p>\n","protected":false},"excerpt":{"rendered":"<p>Afinia prioriza la optimizaci\u00f3n de la L\u00ednea Ternera &#8211; Gambote por lo que afectara sin fluido a cuatro municipios del norte de Bol\u00edvar. <\/p>\n","protected":false},"author":2,"featured_media":4337,"comment_status":"closed","ping_status":"closed","sticky":false,"template":"","format":"standard","meta":{"om_disable_all_campaigns":false,"_monsterinsights_skip_tracking":false,"_monsterinsights_sitenote_active":false,"_monsterinsights_sitenote_note":"","_monsterinsights_sitenote_category":0,"footnotes":""},"categories":[110,102],"tags":[217],"class_list":["post-4336","post","type-post","status-publish","format-standard","has-post-thumbnail","hentry","category-bolivar","category-generales","tag-afinia"],"_links":{"self":[{"href":"https:\/\/cartagenaaldia.com\/index.php\/wp-json\/wp\/v2\/posts\/4336","targetHints":{"allow":["GET"]}}],"collection":[{"href":"https:\/\/cartagenaaldia.com\/index.php\/wp-json\/wp\/v2\/posts"}],"about":[{"href":"https:\/\/cartagenaaldia.com\/index.php\/wp-json\/wp\/v2\/types\/post"}],"author":[{"embeddable":true,"href":"https:\/\/cartagenaaldia.com\/index.php\/wp-json\/wp\/v2\/users\/2"}],"replies":[{"embeddable":true,"href":"https:\/\/cartagenaaldia.com\/index.php\/wp-json\/wp\/v2\/comments?post=4336"}],"version-history":[{"count":1,"href":"https:\/\/cartagenaaldia.com\/index.php\/wp-json\/wp\/v2\/posts\/4336\/revisions"}],"predecessor-version":[{"id":4338,"href":"https:\/\/cartagenaaldia.com\/index.php\/wp-json\/wp\/v2\/posts\/4336\/revisions\/4338"}],"wp:featuredmedia":[{"embeddable":true,"href":"https:\/\/cartagenaaldia.com\/index.php\/wp-json\/wp\/v2\/media\/4337"}],"wp:attachment":[{"href":"https:\/\/cartagenaaldia.com\/index.php\/wp-json\/wp\/v2\/media?parent=4336"}],"wp:term":[{"taxonomy":"category","embeddable":true,"href":"https:\/\/cartagenaaldia.com\/index.php\/wp-json\/wp\/v2\/categories?post=4336"},{"taxonomy":"post_tag","embeddable":true,"href":"https:\/\/cartagenaaldia.com\/index.php\/wp-json\/wp\/v2\/tags?post=4336"}],"curies":[{"name":"wp","href":"https:\/\/api.w.org\/{rel}","templated":true}]}}