{"id":4331,"date":"2023-10-25T20:15:32","date_gmt":"2023-10-26T01:15:32","guid":{"rendered":"https:\/\/cartagenaaldia.com\/?p=4331"},"modified":"2023-10-25T23:52:29","modified_gmt":"2023-10-26T04:52:29","slug":"cartagena-disfrutara-de-nuevas-playas-el-proximo-15-de-noviembre","status":"publish","type":"post","link":"https:\/\/cartagenaaldia.com\/index.php\/2023\/10\/25\/cartagena-disfrutara-de-nuevas-playas-el-proximo-15-de-noviembre\/","title":{"rendered":"Cartagena disfrutar\u00e1 de nuevas playas el pr\u00f3ximo 15 de noviembre"},"content":{"rendered":"\n<p>Cartagena de Indias D. T. y C; 25 de octubre de 2023. &#8211; Este jueves, 26 de octubre, la Unidad Nacional de Gesti\u00f3n del Riesgo de Desastres formalizar\u00e1 la entrega de Playa 5 en la zona tur\u00edstica de Bocagrande, y ser\u00e1 recibida por el equipo interdisciplinario de la Alcald\u00eda de Cartagena compuesto por la Secretar\u00eda del Interior y Convivencia Ciudadana, Gerencia de Espacio P\u00fablico y Movilidad, Secretar\u00eda de Planeaci\u00f3n Distrital y el Departamento de Valorizaci\u00f3n Distrital. <\/p>\n\n\n\n<p>Este equipo interdisciplinario sostuvo una reuni\u00f3n con el alcalde William Dau Chamat, en la que se concret\u00f3 la fecha de reapertura de esta zona de playas, que qued\u00f3 establecida para el pr\u00f3ximo 15 de noviembre. Hay que destacar que, la se\u00f1alizaci\u00f3n (en agua y tierra) se termin\u00f3 de implementar el 11 de octubre de 2023.<\/p>\n\n\n\n<p>\u201cHoy se concret\u00f3 la fecha de reapertura y ser\u00e1 el 15 de noviembre; desde Valorizaci\u00f3n Distrital estaremos haciendo el seguimiento. Ya se verific\u00f3 la se\u00f1alizaci\u00f3n en tierra y agua para darle la seguridad a los visitantes y a los actores de playas, adem\u00e1s se tiene programada la entrega formal por parte de la Unidad Nacional de Gesti\u00f3n del Riesgo de Desastres con todas las obras ejecutadas para este sector. Coordinaremos todos los aspectos sociales para dar una correcta entrega de la playa, y que cada una de las dependencias responda por sus actividades\u201d, manifest\u00f3 Eduardo Castro Barrios, director encargado de Valorizaci\u00f3n Distrital. <\/p>\n\n\n\n<p>A su turno, el Gerente de Espacio P\u00fablico y Movilidad indic\u00f3: \u201cdespu\u00e9s de cumplir una mesa de trabajo, estamos atentos a todo lo que ocurra dentro del plan en la entrega de playas para que todo sea dentro de la normalidad, y as\u00ed garantizar el uso del espacio p\u00fablico\u201d. <\/p>\n\n\n\n<p>Desde la Alcald\u00eda de Cartagena se est\u00e1n surtiendo todos los tr\u00e1mites y procesos para agilizar la firma del decreto de reapertura de esta zona de playas de la ciudad, que estar\u00e1 habilitada para el disfrute de propios y turistas, e incluso est\u00e1 contemplado el regreso de los actores que trabajan d\u00eda a d\u00eda en el lugar. <\/p>\n\n\n\n<p>\u201cEn pr\u00f3ximos d\u00edas se expedir\u00e1 el decreto que define la reapertura de Playa 5, para que los actores interesados en este espacio puedan seguir realizando sus actividades, que de hecho son m\u00e1s de 300 personas\u201d, indic\u00f3 el secretario de Planeaci\u00f3n, Franklin Amador. <\/p>\n\n\n\n<p>El director de la Oficina Asesora de Gesti\u00f3n del Riesgo, Fernando Abello, precis\u00f3: \u201cdesde la Alcald\u00eda hemos venido trabajando arduamente para la apertura de playas; estamos terminando de hacer todos los ajustes necesarios. Ser\u00e1 una nueva cara para Cartagena, y por trabajaremos juntos para ser parte de la soluci\u00f3n\u201d.<\/p>\n\n\n\n<p>Por \u00faltimo, la directora ejecutiva de Corporturismo, Natalia Boh\u00f3rquez, ratific\u00f3 que Cartagena estrenar\u00e1 nuevas playas a partir del 15 de noviembre, \u201chemos revisado cu\u00e1l es el proceso para que a partir de este 15 de noviembre se haga la reapertura. Ya la se\u00f1alizaci\u00f3n en tierra y agua se ha dado, y se debe oficializar la entrega por parte de la Unidad Nacional de Gesti\u00f3n del Riesgo de Desastres -UNGRD- hacia el Distrito. Tenemos conformado un equipo de trabajo interinstitucional con el que estableceremos el alcance de su competencia en esta nueva zona de playas.<\/p>\n\n\n\n<figure class=\"wp-block-gallery has-nested-images columns-default is-cropped wp-block-gallery-1 is-layout-flex wp-block-gallery-is-layout-flex\">\n<figure class=\"wp-block-image size-large\"><img fetchpriority=\"high\" decoding=\"async\" width=\"1024\" height=\"1024\" data-id=\"4334\" src=\"https:\/\/cartagenaaldia.com\/wp-content\/uploads\/2023\/10\/Cuadrada-Imagen_20231025_200634_0000-1024x1024.jpg\" alt=\"\" class=\"wp-image-4334\"\/><\/figure>\n\n\n\n<figure class=\"wp-block-image size-large\"><img decoding=\"async\" width=\"1024\" height=\"1024\" data-id=\"4333\" src=\"https:\/\/cartagenaaldia.com\/wp-content\/uploads\/2023\/10\/Cuadrada-Imagen_20231025_200609_0000-1024x1024.jpg\" alt=\"\" class=\"wp-image-4333\"\/><\/figure>\n<\/figure>\n\n\n\n<figure class=\"wp-block-embed is-type-video is-provider-youtube wp-block-embed-youtube wp-embed-aspect-16-9 wp-has-aspect-ratio\"><div class=\"wp-block-embed__wrapper\">\n<iframe title=\"El Gerente de Espacio P\u00fablico y Movilidad, nuevas playas\" width=\"500\" height=\"281\" src=\"https:\/\/www.youtube.com\/embed\/d2mY4w-XOtY?feature=oembed\" frameborder=\"0\" allow=\"accelerometer; autoplay; clipboard-write; encrypted-media; gyroscope; picture-in-picture; web-share\" referrerpolicy=\"strict-origin-when-cross-origin\" allowfullscreen><\/iframe>\n<\/div><\/figure>\n\n\n\n<figure class=\"wp-block-embed is-type-video is-provider-youtube wp-block-embed-youtube wp-embed-aspect-16-9 wp-has-aspect-ratio\"><div class=\"wp-block-embed__wrapper\">\n<iframe title=\"La directora ejecutiva de Corporturismo, Natalia Boh\u00f3rquez, nuevas playas\" width=\"500\" height=\"281\" src=\"https:\/\/www.youtube.com\/embed\/93C74JZbhnQ?feature=oembed\" frameborder=\"0\" allow=\"accelerometer; autoplay; clipboard-write; encrypted-media; gyroscope; picture-in-picture; web-share\" referrerpolicy=\"strict-origin-when-cross-origin\" allowfullscreen><\/iframe>\n<\/div><\/figure>\n\n\n\n<figure class=\"wp-block-embed is-type-video is-provider-youtube wp-block-embed-youtube wp-embed-aspect-16-9 wp-has-aspect-ratio\"><div class=\"wp-block-embed__wrapper\">\n<iframe title=\"El director de la Oficina Asesora de Gesti\u00f3n del Riesgo, Fernando Abello, nuevas playas\" width=\"500\" height=\"281\" src=\"https:\/\/www.youtube.com\/embed\/AQlxvcK63g4?feature=oembed\" frameborder=\"0\" allow=\"accelerometer; autoplay; clipboard-write; encrypted-media; gyroscope; picture-in-picture; web-share\" referrerpolicy=\"strict-origin-when-cross-origin\" allowfullscreen><\/iframe>\n<\/div><\/figure>\n\n\n\n<figure class=\"wp-block-embed is-type-video is-provider-youtube wp-block-embed-youtube wp-embed-aspect-16-9 wp-has-aspect-ratio\"><div class=\"wp-block-embed__wrapper\">\n<iframe title=\"Eduardo Castro Barrios, director encargado de Valorizaci\u00f3n Distrital nuevas playas\" width=\"500\" height=\"281\" src=\"https:\/\/www.youtube.com\/embed\/ikdbk6kN1J8?feature=oembed\" frameborder=\"0\" allow=\"accelerometer; autoplay; clipboard-write; encrypted-media; gyroscope; picture-in-picture; web-share\" referrerpolicy=\"strict-origin-when-cross-origin\" allowfullscreen><\/iframe>\n<\/div><\/figure>\n","protected":false},"excerpt":{"rendered":"<p>La Unidad Nacional de Gesti\u00f3n del Riesgo de Desastres formalizar\u00e1 la entrega de Playa 5 en la zona tur\u00edstica de Bocagrande, y ser\u00e1 recibida por el equipo interdisciplinario de la Alcald\u00eda de Cartagena.<\/p>\n","protected":false},"author":2,"featured_media":4332,"comment_status":"closed","ping_status":"closed","sticky":false,"template":"","format":"standard","meta":{"om_disable_all_campaigns":false,"_monsterinsights_skip_tracking":false,"_monsterinsights_sitenote_active":false,"_monsterinsights_sitenote_note":"","_monsterinsights_sitenote_category":0,"footnotes":""},"categories":[102,105,104],"tags":[275,197,315],"class_list":["post-4331","post","type-post","status-publish","format-standard","has-post-thumbnail","hentry","category-generales","category-politica","category-turismo","tag-alcaldia-cartagena","tag-alcaldia-cartagena-de-indias","tag-lukatmi"],"_links":{"self":[{"href":"https:\/\/cartagenaaldia.com\/index.php\/wp-json\/wp\/v2\/posts\/4331","targetHints":{"allow":["GET"]}}],"collection":[{"href":"https:\/\/cartagenaaldia.com\/index.php\/wp-json\/wp\/v2\/posts"}],"about":[{"href":"https:\/\/cartagenaaldia.com\/index.php\/wp-json\/wp\/v2\/types\/post"}],"author":[{"embeddable":true,"href":"https:\/\/cartagenaaldia.com\/index.php\/wp-json\/wp\/v2\/users\/2"}],"replies":[{"embeddable":true,"href":"https:\/\/cartagenaaldia.com\/index.php\/wp-json\/wp\/v2\/comments?post=4331"}],"version-history":[{"count":2,"href":"https:\/\/cartagenaaldia.com\/index.php\/wp-json\/wp\/v2\/posts\/4331\/revisions"}],"predecessor-version":[{"id":4340,"href":"https:\/\/cartagenaaldia.com\/index.php\/wp-json\/wp\/v2\/posts\/4331\/revisions\/4340"}],"wp:featuredmedia":[{"embeddable":true,"href":"https:\/\/cartagenaaldia.com\/index.php\/wp-json\/wp\/v2\/media\/4332"}],"wp:attachment":[{"href":"https:\/\/cartagenaaldia.com\/index.php\/wp-json\/wp\/v2\/media?parent=4331"}],"wp:term":[{"taxonomy":"category","embeddable":true,"href":"https:\/\/cartagenaaldia.com\/index.php\/wp-json\/wp\/v2\/categories?post=4331"},{"taxonomy":"post_tag","embeddable":true,"href":"https:\/\/cartagenaaldia.com\/index.php\/wp-json\/wp\/v2\/tags?post=4331"}],"curies":[{"name":"wp","href":"https:\/\/api.w.org\/{rel}","templated":true}]}}