{"id":4327,"date":"2023-10-25T10:49:51","date_gmt":"2023-10-25T15:49:51","guid":{"rendered":"https:\/\/cartagenaaldia.com\/?p=4327"},"modified":"2023-10-25T10:51:13","modified_gmt":"2023-10-25T15:51:13","slug":"transcaribe-operara-con-tarifa-cero-para-los-usuarios-el-domingo-de-elecciones","status":"publish","type":"post","link":"https:\/\/cartagenaaldia.com\/index.php\/2023\/10\/25\/transcaribe-operara-con-tarifa-cero-para-los-usuarios-el-domingo-de-elecciones\/","title":{"rendered":"Transcaribe operar\u00e1 con tarifa cero para los usuarios el domingo de elecciones"},"content":{"rendered":"\n<p><strong>Cartagena de Indias D. T. y C; 24 de octubre de 2023. &#8211;<\/strong> Luego de m\u00e1s de 5 meses de arduo trabajo del Distrito de Cartagena, se logr\u00f3 que, mediante decreto 1391 del 23 de octubre de 2023, se materializara la tarifa diferencial cero para el sistema de transporte masivo Transcaribe, durante el domingo 29 de octubre de 2023, d\u00eda de las elecciones de autoridades locales y regionales.<\/p>\n\n\n\n<p>Desde abril de 2023, el Despacho del Alcalde, el Grupo Asesor de Transparencia y Anticorrupci\u00f3n y Transcaribe S.A. adelantaron acciones para que el sistema masivo de transporte, Transcaribe, cuente con tarifa diferencial cero durante la jornada electoral.<\/p>\n\n\n\n<p>Cumpliendo con el plan de acci\u00f3n de la estrategia pedag\u00f3gica #NoM\u00e1sPuyaOjos, liderada por el alcalde William Dau Chamat, se le dio el respaldo presupuestal de 350 millones, que cubrir\u00e1 el d\u00eda de operaci\u00f3n sin costo alguno para los cartageneros que cuenten con la tarjeta del sistema. Esto con el fin de promover la participaci\u00f3n de los ciudadanos durante los comicios.<\/p>\n\n\n\n<p>La tarifa cero es una invitaci\u00f3n del Alcalde de Cartagena, William Dau Chamat, a todos los cartageneros para que salgan a votar masiva y libremente el domingo, y as\u00ed ejercer la verdadera democracia.<\/p>\n\n\n\n<p>Es importante mencionar que para acceder a las estaciones o a los distintos buses del SITM, el usuario debe presentar su tarjeta aunque no se cobre la tarifa.<\/p>\n\n\n\n<p><strong>Canales de denuncia de delitos electorales<\/strong><\/p>\n\n\n\n<p>La Alcald\u00eda de Cartagena y dem\u00e1s autoridades hacen un llamado a la ciudadan\u00eda a votar libre y conscientemente, para lo cual, desde la estrategia #NoM\u00e1sPuyaOjos, se han habilitado los siguientes canales para reportar anomal\u00edas o denunciar delitos electorales en el marco de la jornada democr\u00e1tica:<\/p>\n\n\n\n<p>\u2022 A trav\u00e9s de la app URIEL <\/p>\n\n\n\n<p>\u2022 En la p\u00e1gina web: www.pilasconelvoto.com<\/p>\n\n\n\n<p>\u2022 En el correo electr\u00f3nico: quejas@procuraduria.gov.co <\/p>\n\n\n\n<p>\u2022 Escribiendo por el canal de WhatsApp +57 3022121495<\/p>\n\n\n\n<figure class=\"wp-block-embed is-type-video is-provider-youtube wp-block-embed-youtube wp-embed-aspect-16-9 wp-has-aspect-ratio\"><div class=\"wp-block-embed__wrapper\">\n<iframe title=\"Transcaribe operar\u00e1 con tarifa cero para los usuarios el domingo de elecciones\" width=\"500\" height=\"281\" src=\"https:\/\/www.youtube.com\/embed\/LZeYuNVmx7k?feature=oembed\" frameborder=\"0\" allow=\"accelerometer; autoplay; clipboard-write; encrypted-media; gyroscope; picture-in-picture; web-share\" referrerpolicy=\"strict-origin-when-cross-origin\" allowfullscreen><\/iframe>\n<\/div><\/figure>\n","protected":false},"excerpt":{"rendered":"<p>Para incentivar la participaci\u00f3n democr\u00e1tica y disminuir el abstencionismo, la Alcald\u00eda de Cartagena lider\u00f3 proceso para lograr tarifa diferencial cero, este 29 de octubre.<\/p>\n","protected":false},"author":2,"featured_media":4328,"comment_status":"closed","ping_status":"closed","sticky":false,"template":"","format":"standard","meta":{"om_disable_all_campaigns":false,"_monsterinsights_skip_tracking":false,"_monsterinsights_sitenote_active":false,"_monsterinsights_sitenote_note":"","_monsterinsights_sitenote_category":0,"footnotes":""},"categories":[103,102,105],"tags":[275,197,315],"class_list":["post-4327","post","type-post","status-publish","format-standard","has-post-thumbnail","hentry","category-economia","category-generales","category-politica","tag-alcaldia-cartagena","tag-alcaldia-cartagena-de-indias","tag-lukatmi"],"_links":{"self":[{"href":"https:\/\/cartagenaaldia.com\/index.php\/wp-json\/wp\/v2\/posts\/4327","targetHints":{"allow":["GET"]}}],"collection":[{"href":"https:\/\/cartagenaaldia.com\/index.php\/wp-json\/wp\/v2\/posts"}],"about":[{"href":"https:\/\/cartagenaaldia.com\/index.php\/wp-json\/wp\/v2\/types\/post"}],"author":[{"embeddable":true,"href":"https:\/\/cartagenaaldia.com\/index.php\/wp-json\/wp\/v2\/users\/2"}],"replies":[{"embeddable":true,"href":"https:\/\/cartagenaaldia.com\/index.php\/wp-json\/wp\/v2\/comments?post=4327"}],"version-history":[{"count":2,"href":"https:\/\/cartagenaaldia.com\/index.php\/wp-json\/wp\/v2\/posts\/4327\/revisions"}],"predecessor-version":[{"id":4330,"href":"https:\/\/cartagenaaldia.com\/index.php\/wp-json\/wp\/v2\/posts\/4327\/revisions\/4330"}],"wp:featuredmedia":[{"embeddable":true,"href":"https:\/\/cartagenaaldia.com\/index.php\/wp-json\/wp\/v2\/media\/4328"}],"wp:attachment":[{"href":"https:\/\/cartagenaaldia.com\/index.php\/wp-json\/wp\/v2\/media?parent=4327"}],"wp:term":[{"taxonomy":"category","embeddable":true,"href":"https:\/\/cartagenaaldia.com\/index.php\/wp-json\/wp\/v2\/categories?post=4327"},{"taxonomy":"post_tag","embeddable":true,"href":"https:\/\/cartagenaaldia.com\/index.php\/wp-json\/wp\/v2\/tags?post=4327"}],"curies":[{"name":"wp","href":"https:\/\/api.w.org\/{rel}","templated":true}]}}