{"id":4323,"date":"2023-10-25T10:04:19","date_gmt":"2023-10-25T15:04:19","guid":{"rendered":"https:\/\/cartagenaaldia.com\/?p=4323"},"modified":"2023-10-25T10:08:27","modified_gmt":"2023-10-25T15:08:27","slug":"los-ojos-y-oidos-de-la-democracia-es-la-ciudadania","status":"publish","type":"post","link":"https:\/\/cartagenaaldia.com\/index.php\/2023\/10\/25\/los-ojos-y-oidos-de-la-democracia-es-la-ciudadania\/","title":{"rendered":"Los ojos y o\u00eddos de la democracia es la ciudadan\u00eda"},"content":{"rendered":"\n<p>Cartagena de Indias D. T. y C; 24 de octubre de 2023. &#8211; A partir del mi\u00e9rcoles 25 de octubre se habilita la l\u00ednea de WhatsApp 3022121495, exclusivamente para recibir mensajes que servir\u00e1n como un puente para tramitar las denuncias relacionadas con delitos electorales durante los comicios del pr\u00f3ximo domingo, ante los entes correspondientes.<\/p>\n\n\n\n<p>\u201cTenemos un programa que se llama \u2018No M\u00e1s Puya Ojos\u2019, y con este plan queremos que salgan a votar libremente; tambi\u00e9n, los invito a denunciar si los est\u00e1n forzando o presionando de alguna manera para vender su voto. Este es el a\u00f1o en que Cartagena se despierta, se pellizca, y revienta las cadenas imponiendo el voto libre\u201d, manifest\u00f3 el alcalde de Cartagena, William Dau Chamat.<\/p>\n\n\n\n<p>Continu\u00f3 diciendo: \u201custedes ser\u00e1n los ojos y los o\u00eddos de la democracia en Cartagena, los invito a reportar toda irregularidad que vean. A partir de este mi\u00e9rcoles ustedes pueden escribirnos sobre movimientos irregulares en las diferentes sedes pol\u00edticas, o de sitios con listas el d\u00eda de las elecciones, todo eso deben reportarlo en tiempo real\u201d.<\/p>\n\n\n\n<p>Estos son los canales donde se pueden hacer las denuncias:<\/p>\n\n\n\n<p>\u2022 A trav\u00e9s de la app URIEL <\/p>\n\n\n\n<p>\u2022 En la p\u00e1gina web: www.pilasconelvoto.com  <\/p>\n\n\n\n<p>\u2022 En el correo electr\u00f3nico: quejas@procuraduria.gov.co <\/p>\n\n\n\n<p>\u2022 Escribiendo por el canal de WhatsApp  +57 3022121495<\/p>\n\n\n\n<figure class=\"wp-block-embed is-type-video is-provider-youtube wp-block-embed-youtube wp-embed-aspect-16-9 wp-has-aspect-ratio\"><div class=\"wp-block-embed__wrapper\">\n<iframe title=\"Los ojos y o\u00eddos de la democracia es la ciudadan\u00eda\" width=\"500\" height=\"281\" src=\"https:\/\/www.youtube.com\/embed\/g8IU0DyL55k?feature=oembed\" frameborder=\"0\" allow=\"accelerometer; autoplay; clipboard-write; encrypted-media; gyroscope; picture-in-picture; web-share\" referrerpolicy=\"strict-origin-when-cross-origin\" allowfullscreen><\/iframe>\n<\/div><\/figure>\n","protected":false},"excerpt":{"rendered":"<p>Ciudadan\u00eda debe ser los ojos y los o\u00eddos de la democracia este domingo en las elecciones territoriales: alcalde William Dau.<\/p>\n","protected":false},"author":2,"featured_media":4324,"comment_status":"closed","ping_status":"closed","sticky":false,"template":"","format":"standard","meta":{"om_disable_all_campaigns":false,"_monsterinsights_skip_tracking":false,"_monsterinsights_sitenote_active":false,"_monsterinsights_sitenote_note":"","_monsterinsights_sitenote_category":0,"footnotes":""},"categories":[102,105],"tags":[275,197,315],"class_list":["post-4323","post","type-post","status-publish","format-standard","has-post-thumbnail","hentry","category-generales","category-politica","tag-alcaldia-cartagena","tag-alcaldia-cartagena-de-indias","tag-lukatmi"],"_links":{"self":[{"href":"https:\/\/cartagenaaldia.com\/index.php\/wp-json\/wp\/v2\/posts\/4323","targetHints":{"allow":["GET"]}}],"collection":[{"href":"https:\/\/cartagenaaldia.com\/index.php\/wp-json\/wp\/v2\/posts"}],"about":[{"href":"https:\/\/cartagenaaldia.com\/index.php\/wp-json\/wp\/v2\/types\/post"}],"author":[{"embeddable":true,"href":"https:\/\/cartagenaaldia.com\/index.php\/wp-json\/wp\/v2\/users\/2"}],"replies":[{"embeddable":true,"href":"https:\/\/cartagenaaldia.com\/index.php\/wp-json\/wp\/v2\/comments?post=4323"}],"version-history":[{"count":2,"href":"https:\/\/cartagenaaldia.com\/index.php\/wp-json\/wp\/v2\/posts\/4323\/revisions"}],"predecessor-version":[{"id":4326,"href":"https:\/\/cartagenaaldia.com\/index.php\/wp-json\/wp\/v2\/posts\/4323\/revisions\/4326"}],"wp:featuredmedia":[{"embeddable":true,"href":"https:\/\/cartagenaaldia.com\/index.php\/wp-json\/wp\/v2\/media\/4324"}],"wp:attachment":[{"href":"https:\/\/cartagenaaldia.com\/index.php\/wp-json\/wp\/v2\/media?parent=4323"}],"wp:term":[{"taxonomy":"category","embeddable":true,"href":"https:\/\/cartagenaaldia.com\/index.php\/wp-json\/wp\/v2\/categories?post=4323"},{"taxonomy":"post_tag","embeddable":true,"href":"https:\/\/cartagenaaldia.com\/index.php\/wp-json\/wp\/v2\/tags?post=4323"}],"curies":[{"name":"wp","href":"https:\/\/api.w.org\/{rel}","templated":true}]}}