{"id":4272,"date":"2023-10-20T17:50:40","date_gmt":"2023-10-20T22:50:40","guid":{"rendered":"https:\/\/cartagenaaldia.com\/?p=4272"},"modified":"2023-10-20T22:14:11","modified_gmt":"2023-10-21T03:14:11","slug":"mas-de-300-mil-ninos-ninas-adolescentes-y-jovenes-fueron-protagonistas-del-gobierno-del-alcalde-de-cartagena-william-dau-de-2020-a-2023","status":"publish","type":"post","link":"https:\/\/cartagenaaldia.com\/index.php\/2023\/10\/20\/mas-de-300-mil-ninos-ninas-adolescentes-y-jovenes-fueron-protagonistas-del-gobierno-del-alcalde-de-cartagena-william-dau-de-2020-a-2023\/","title":{"rendered":"M\u00e1s de 300 mil ni\u00f1os, ni\u00f1as, adolescentes y j\u00f3venes fueron protagonistas del gobierno del alcalde de Cartagena, William Dau, de 2020 a 2023"},"content":{"rendered":"\n<h5 class=\"wp-block-heading\"><strong>Se les garantizaron los derechos a la educaci\u00f3n, la salud, alimentaci\u00f3n, la participaci\u00f3n y la recreaci\u00f3n, entre otros.<\/strong><\/h5>\n\n\n\n<p><strong>Cartagena de Indias D. T. y C.; 20 de octubre del 2023. &#8211;<\/strong> &nbsp;Los ni\u00f1os, ni\u00f1as, j\u00f3venes y adolescentes fueron los grandes protagonistas de la Administraci\u00f3n &#8220;Salvemos Juntos a Cartagena&#8221;, durante el gobierno del alcalde William Dau Chamatt. As\u00ed se conoci\u00f3 durante la Audiencia P\u00fablica de Rendici\u00f3n de Cuentas para la Primera Infancia, Infancia, Adolescencia y Juventud, que el mandatario ofreci\u00f3 a la ciudadan\u00eda en el CASD Manuela Beltr\u00e1n, del barrio Escall\u00f3n Villa.<\/p>\n\n\n\n<p>Al acto asistieron \u2014adem\u00e1s de funcionarios distritales\u2014 ni\u00f1os, ni\u00f1as, adolescentes y j\u00f3venes de las instituciones educativas pertenecientes a diversos sectores de la ciudad. El Distrito logr\u00f3 invertir $115 mil millones en infraestructura hospitalaria y cumpli\u00f3 al 100% en afiliaciones para 15 mil personas en el sistema de salud p\u00fablica.<\/p>\n\n\n\n<p>De acuerdo con Dau Chamat, se hicieron inversiones sumamente importantes en adecuaci\u00f3n de centros de salud, tanto en las zonas urbanas como rurales; de igual manera, se adecuaron edificios donde funcionan instituciones educativas, a la vez que se garantiz\u00f3 el derecho a la alimentaci\u00f3n de los estudiantes con el fortalecimiento del Plan de Alimentaci\u00f3n Escolar (PAE), no solo para este per\u00edodo de gobierno sino tambi\u00e9n para los venideros.<\/p>\n\n\n\n<p>Igualmente, se tuvo en cuenta el derecho a la recreaci\u00f3n no \u00fanicamente remodelando escenarios deportivos sino fortaleciendo las ludotecas de las zonas vulnerables, que son frecuentadas, en su mayor\u00eda, por ni\u00f1os de primera infancia, quienes vienen siendo beneficiados por el programa de las Ludotecas Viajeras, a trav\u00e9s de las cuales comparten juegos con los padres de familia para afianzar sus relaciones.<\/p>\n\n\n\n<p>En educaci\u00f3n se aument\u00f3 la cobertura en 237 mil estudiantes matriculados en el sistema educativo, al tiempo que se logr\u00f3 que 3.000 egresados fueran beneficiados con las becas para educaci\u00f3n superior. \u201cHicimos mucho \u00e9nfasis en la iniciaci\u00f3n deportiva, tomando el deporte como una herramienta inclusiva\u201d, dijo el alcalde Dau Chamat, quien agreg\u00f3 que tambi\u00e9n hubo inversi\u00f3n para las bibliotecas p\u00fablicas y se solidific\u00f3 el derecho a la participaci\u00f3n.<\/p>\n\n\n\n<p>Se conoci\u00f3 que desde el Instituto de Recreaci\u00f3n y Deportes (IDER) se hizo un trabajo diario para impactar a ni\u00f1os, ni\u00f1as, adolescentes y j\u00f3venes cartageneros, a trav\u00e9s de estrategias como campamentos juveniles, la escuela de iniciaci\u00f3n y formaci\u00f3n deportiva, act\u00edvate gestante, vacaciones recreativas , Padal y Pafid futuros \u00eddolos del deporte, ofreciendo espacios de calidad y sano esparcimiento a trav\u00e9s del deporte y la recreaci\u00f3n, logrando as\u00ed mejorar su calidad de vida, alej\u00e1ndolos del pandillismo, de las drogas y los malos h\u00e1bitos desencadenados en muchas oportunidades, por no ocuparse en acciones que nutran su vida en el d\u00eda a d\u00eda.<\/p>\n\n\n\n<p>Respecto a la movilidad vial, la administraci\u00f3n de William Dau Chamat logr\u00f3 implementar la Cultura vial segura, para ni\u00f1os, ni\u00f1as y adolescentes, aspecto que se logr\u00f3 llevando a las instituciones educativas el programa la Ruta Educativa Segura. La Administraci\u00f3n Distrital no dej\u00f3 de lado el derecho a la identidad, proceso mediante el cual se lograron 7.936 documentos entre tarjetas de identidad y c\u00e9dulas de ciudadan\u00eda, lo cual es considerado por el alcalde William Dau como el primer paso para garantizar los derechos de ni\u00f1os, ni\u00f1as, adolescentes y j\u00f3venes.<\/p>\n\n\n\n<p>Una vez expuestos los datos de la rendici\u00f3n p\u00fablica de cuentas, los asistentes fueron divididos en mesas de di\u00e1logo, para que debatieran los datos que se obtuvieron durante la rendici\u00f3n de cuentas de junio, con el fin de proponer mejoras a las falencias que se hallaron en aquella ocasi\u00f3n. Este \u00faltimo aspecto se socializ\u00f3 con infancia, adolescencia y j\u00f3venes del Distrito, incluyendo las instancias de participaci\u00f3n juvenil, que son los consejeros, las plataformas y estudiantes de las distintas Instituciones Educativas del Distrito.<\/p>\n\n\n\n<p>Hablan los funcionarios<\/p>\n\n\n\n<p>La secretaria de Participaci\u00f3n y Desarrollo Social, Cielo Blanco Fl\u00f3rez, coment\u00f3 que la rendici\u00f3n p\u00fablica de cuentas \u201cfue una oportunidad para tener una interacci\u00f3n con la comunidad y con los 27 consejeros y consejeras del Consejo de Infancia. Quiero decir que fue un proceso de construcci\u00f3n participativa donde se llevaron a cabo dos encuentros en las comunidades, donde ni\u00f1os y ni\u00f1as pudieron expresar sus opiniones y percepciones alrededor de su convivencia y la garant\u00eda de sus derechos\u201d.<\/p>\n\n\n\n<figure class=\"wp-block-embed is-type-video is-provider-youtube wp-block-embed-youtube wp-embed-aspect-16-9 wp-has-aspect-ratio\"><div class=\"wp-block-embed__wrapper\">\n<iframe title=\"Audiencia P\u00fablica de Rendici\u00f3n de Cuentas para la Primera Infancia, Adolescencia y Juventud\" width=\"500\" height=\"281\" src=\"https:\/\/www.youtube.com\/embed\/I-KC8vA1wFg?feature=oembed\" frameborder=\"0\" allow=\"accelerometer; autoplay; clipboard-write; encrypted-media; gyroscope; picture-in-picture; web-share\" referrerpolicy=\"strict-origin-when-cross-origin\" allowfullscreen><\/iframe>\n<\/div><\/figure>\n\n\n\n<p>Mar\u00eda del Rosario Blanco, directora regional (e) del Instituto Colombiano de Bienestar Familiar (ICBF), regional Bol\u00edvar, dijo que \u201choy es un d\u00eda muy especial, en donde acompa\u00f1amos a la Alcald\u00eda Distrital de Cartagena a realizar la rendici\u00f3n de cuentas, un espacio supremamente importante en donde le contamos, a trav\u00e9s de los principales actores que son nuestros ni\u00f1os, ni\u00f1as, adolescentes y j\u00f3venes, qu\u00e9 se ha hecho en materia de derechos para nuestros menores de edad. Y qu\u00e9 bien que son los mismos chicos quienes hoy le cuenten a la ciudadan\u00eda c\u00f3mo ven y c\u00f3mo sienten que fueron estos cuatros a\u00f1os en materia de garant\u00eda de derechos\u201d.<\/p>\n\n\n\n<figure class=\"wp-block-embed is-type-video is-provider-youtube wp-block-embed-youtube wp-embed-aspect-16-9 wp-has-aspect-ratio\"><div class=\"wp-block-embed__wrapper\">\n<iframe title=\"Audiencia P\u00fablica de Rendici\u00f3n de Cuentas para la Primera, Infancia, Adolescencia y Juventud\" width=\"500\" height=\"281\" src=\"https:\/\/www.youtube.com\/embed\/b9yFWBtCPXU?feature=oembed\" frameborder=\"0\" allow=\"accelerometer; autoplay; clipboard-write; encrypted-media; gyroscope; picture-in-picture; web-share\" referrerpolicy=\"strict-origin-when-cross-origin\" allowfullscreen><\/iframe>\n<\/div><\/figure>\n\n\n\n<p>Mar\u00eda Margarita \u00c1lvarez Cassiani, del Consejo de Infancia Distrital, consider\u00f3 que \u201cla rendici\u00f3n p\u00fablica de cuentas es una bonita forma de presentarles a los ni\u00f1os y ni\u00f1as lo que hemos realizado desde el Consejo Infantil y la Alcald\u00eda, ya que hemos estado en varios eventos previos. Uno de esos fue con la fundaci\u00f3n Funsarep presentando nuestras propuestas y ayudando a los ni\u00f1os de all\u00e1. Tambi\u00e9n hemos estado en la MIAF opinando sobre los derechos de los ni\u00f1os. Hemos tenido reuniones con el alcalde planteando asuntos sobre nuestros derechos. Trabajamos el mejoramiento del PAE\u201d.<\/p>\n\n\n\n<p>Olga Acosta Amel, secretaria de Educaci\u00f3n del Distrito, explic\u00f3 que \u201cla importancia de rendir cuentas sobre qu\u00e9 estamos haciendo con los ni\u00f1os, ni\u00f1as, adolescentes y j\u00f3venes radica en que es necesario que toda la ciudad se entere de los esfuerzos que hacemos desde lo institucional, para cumplirle a esa poblaci\u00f3n, que merece toda nuestra atenci\u00f3n. Desde la Secretar\u00eda de Educaci\u00f3n hemos creado la pol\u00edtica p\u00fablica en donde todos los ni\u00f1os y las ni\u00f1as de Cartagena, en todo el ecosistema educativo que tenemos, participaron, dejaron sus voces, de manera que esas voces son importantes para nosotros en la toma de decisiones. Cartagena tiene que acostumbrarse a que los ni\u00f1os, las ni\u00f1as y los adolescentes tienen su propia voz; y, sobre todo, entender que a ellos hay que escucharlos y que las pol\u00edticas p\u00fablicas se hacen para beneficiarlos\u201d.<\/p>\n\n\n\n<p>Viviana Londo\u00f1o, la directora del IDER, sostuvo que \u201ccelebramos estos espacios de rendici\u00f3n de cuentas donde el se\u00f1or alcalde, William Dau Chamatt, le informa a la ciudadan\u00eda cartagenera sobre todas las inversiones y las acciones que el gobierno Salvemos juntos a Cartagena ha realizado en este cuatrenio, en materia de diferentes acciones espec\u00edficas. Por supuesto, desde el IDER estaremos contando nuestra inversi\u00f3n en recursos de deportes y recreaci\u00f3n en primera infancia, adolescencia y juventud. Y precisamente estaremos contando una inversi\u00f3n acumulada en cuatro a\u00f1os de m\u00e1s de 24 mil millones de pesos en todo lo que tiene que ver con los programas formativos de la escuela de iniciaci\u00f3n y formaci\u00f3n del IDER en los programas de competici\u00f3n, en los cuales desarrollamos esos futuros talentos y semilleros deportivos, que nos van a representar en diferentes eventos locales, nacionales e internacionales; y, por supuesto, toda nuestra oferta misional en los programas de h\u00e1bitos y estilos de vida saludable, para seguir invirtiendo y trabajando en una ciudad que le apuesta al deporte y la recreaci\u00f3n como un medio de transformaci\u00f3n social, que hoy se ratifica en la rendici\u00f3n de cuentas del alcalde William Dau, en la l\u00ednea estrat\u00e9gica de deporte y recreaci\u00f3n\u201d.<\/p>\n\n\n\n<p>Marco Rojas Anaya, del Consejo de Infancia y Adolescencia Distrital, dijo que \u201cme parece una excelente estrategia que el alcalde William Dau est\u00e9 haciendo esta rendici\u00f3n de cuentas, principalmente hacia la ni\u00f1ez, la adolescencia y la juventud, puesto que nosotros tambi\u00e9n hacemos parte de la ciudad de Cartagena. Desde el Consejo de Infancia y Adolescencia hemos hecho muchas mesas de trabajo, con el fin de construir pol\u00edticas p\u00fablicas y poder as\u00ed contribuir a una Cartagena mejor, en donde desde la juventud y adolescencia es importante que nos incluyan en las labores pol\u00edticas de nuestra ciudad\u201d.<\/p>\n\n\n\n<figure class=\"wp-block-embed is-type-video is-provider-youtube wp-block-embed-youtube wp-embed-aspect-16-9 wp-has-aspect-ratio\"><div class=\"wp-block-embed__wrapper\">\n<iframe title=\"Audiencia P\u00fablica de Rendici\u00f3n de Cuentas para la Primera Infancia, Adolescencia y Juventud\" width=\"500\" height=\"281\" src=\"https:\/\/www.youtube.com\/embed\/_zIzNxftclc?feature=oembed\" frameborder=\"0\" allow=\"accelerometer; autoplay; clipboard-write; encrypted-media; gyroscope; picture-in-picture; web-share\" referrerpolicy=\"strict-origin-when-cross-origin\" allowfullscreen><\/iframe>\n<\/div><\/figure>\n\n\n\n<p>Delly de la Rosa, directora del Plan de Emergencia Social Pedro Romero (PES), expres\u00f3 que \u201csi hay un ejercicio v\u00e1lido y leg\u00edtimo de transparencia son las rendiciones p\u00fablicas de cuentas. Este es un ejercicio muy importante para el Gobierno Distrital y sobre todo para el Plan de Emergencia Social, que le ha apostado a la garant\u00eda de derechos de ni\u00f1os, ni\u00f1as, adolescentes y j\u00f3venes en el marco del derecho a la identidad, porque, a trav\u00e9s de nuestro programa de identificaci\u00f3n, hemos expedido gratis tarjetas de identidad y c\u00e9dulas de ciudadan\u00eda. Lo hicimos en asocio con la Registradur\u00eda Nacional del Estado Civil, a trav\u00e9s del equipo de Estaci\u00f3n Integral y Servicios, que, dicho sea de paso, es la \u00fanica ciudad que cuenta con ese servicio, con esta m\u00e1quina, para expedir esos documentos, que, sin duda, conducen a la ruta de la garant\u00eda de derechos, para que con identidad nuestros ni\u00f1os, ni\u00f1as y adolescentes puedan tener acceso a los dem\u00e1s derechos. De esta manera, con la identidad de este grupo poblacional, tambi\u00e9n estamos salvando juntos a Cartagena\u201d.<\/p>\n\n\n\n<figure class=\"wp-block-embed is-type-video is-provider-youtube wp-block-embed-youtube wp-embed-aspect-16-9 wp-has-aspect-ratio\"><div class=\"wp-block-embed__wrapper\">\n<iframe title=\"Audiencia P\u00fablica de Rendici\u00f3n de Cuentas para la Primera Infancia, Adolescencia y Juventud\" width=\"500\" height=\"281\" src=\"https:\/\/www.youtube.com\/embed\/ig38DzHLGvk?feature=oembed\" frameborder=\"0\" allow=\"accelerometer; autoplay; clipboard-write; encrypted-media; gyroscope; picture-in-picture; web-share\" referrerpolicy=\"strict-origin-when-cross-origin\" allowfullscreen><\/iframe>\n<\/div><\/figure>\n\n\n\n<p>Mar\u00eda Bernarda P\u00e9rez, coordinadora del Plan de Desarrollo, dijo que \u201choy estamos cerrando con la audiencia p\u00fablica y rindiendo cuentas tanto a los cuidadores como a las organizaciones sociales, que trabajan con ni\u00f1os; a las autoridades que vigilan el cumplimiento de estas garant\u00edas, y en especial a la Procuradur\u00eda General de la Naci\u00f3n. Este es un proceso que arranc\u00f3 en febrero de 2023. Construimos un informe detallado de todo lo realizado tanto estrat\u00e9gica como financieramente en los proyectos\u201d.<\/p>\n\n\n\n<figure class=\"wp-block-embed is-type-video is-provider-youtube wp-block-embed-youtube wp-embed-aspect-16-9 wp-has-aspect-ratio\"><div class=\"wp-block-embed__wrapper\">\n<iframe title=\"Audiencia P\u00fablica de Rendici\u00f3n de Cuentas para la Primera Infancia, Adolescencia y Juventud\" width=\"500\" height=\"281\" src=\"https:\/\/www.youtube.com\/embed\/K6WXiOZnJII?feature=oembed\" frameborder=\"0\" allow=\"accelerometer; autoplay; clipboard-write; encrypted-media; gyroscope; picture-in-picture; web-share\" referrerpolicy=\"strict-origin-when-cross-origin\" allowfullscreen><\/iframe>\n<\/div><\/figure>\n\n\n\n<p>La Secretar\u00eda de Planeaci\u00f3n durante estos cuatro a\u00f1os de gobierno, ha estado vigilante del cumplimiento de las l\u00edneas estrat\u00e9gicas del Plan de Desarrollo dirigidas a los ni\u00f1os, ni\u00f1as, adolescentes y j\u00f3venes de la ciudad. Y junto con la Secretar\u00eda de Participaci\u00f3n iniciaron en el mes de febrero, el proceso de rendici\u00f3n de cuentas p\u00fablica de primera infancia, infancia, adolescencia y juventud; a partir de mesas participativas le presentaron a cada grupo de inter\u00e9s la gesti\u00f3n de la administraci\u00f3n en temas de salud, educaci\u00f3n, deporte, recreaci\u00f3n y seguridad.<\/p>\n\n\n\n<p>Este proceso de rendici\u00f3n de cuentas finaliza con esta audiencia p\u00fablica, donde se present\u00f3 todo lo trabajado en los 12 encuentros de di\u00e1logos participativos, es a partir de estos aportes que se construye el Plan de Mejora, para darle tratamiento a los aspectos donde todav\u00eda hay algunas falencias e inconformidades por parte de la comunidad.<\/p>\n\n\n\n<p>Al final de la jornada, estas fueron las conclusiones de las mesas de trabajo:<\/p>\n\n\n\n<p>Mesa de j\u00f3venes<\/p>\n\n\n\n<p>\u2022 Educaci\u00f3n: tarifas diferenciales para transporte de Instituciones Educativas p\u00fablicas.<\/p>\n\n\n\n<p>\u2022 Fortalecer lenguas extranjeras y se\u00f1as.<\/p>\n\n\n\n<p>\u2022 Emprendimiento y empleabilidad.<\/p>\n\n\n\n<p>\u2022 Fortalecimiento econ\u00f3mico y de formaci\u00f3n a unidades productivas de j\u00f3venes.<\/p>\n\n\n\n<p>\u2022 Acceso a empleabilidad de los j\u00f3venes.<\/p>\n\n\n\n<p>\u2022 Salud mental: priorizar la salud mental en j\u00f3venes por los altos \u00edndices de enfermedades mentales.<\/p>\n\n\n\n<p>\u2022 Ofertas de servicios en zonas perif\u00e9ricas, ya que algunas no tienen acceso a Internet.<\/p>\n\n\n\n<p>Mesa de Salud.<\/p>\n\n\n\n<p>\u2022 C\u00e1tedra de buen trato a personal m\u00e9dico, administrativo y operativo del \u00e1rea de salud, para que se atienda de mejor forma a los pacientes, en especial a ni\u00f1os y ni\u00f1as.<\/p>\n\n\n\n<p>\u2022 Dotaci\u00f3n de equipos y creaci\u00f3n de red de especialistas.<\/p>\n\n\n\n<p>\u2022 Reforzar la prevenci\u00f3n en salud mental.<\/p>\n\n\n\n<p>\u2022 Implementar la pol\u00edtica p\u00fablica de ambientes escolares alimentarios saludables.<\/p>\n\n\n\n<p>\u2022 Ampliar el PAE con alimentos sanos.<\/p>\n\n\n\n<p>Mesa educaci\u00f3n<\/p>\n\n\n\n<p>\u2022 Deserci\u00f3n escolar.<\/p>\n\n\n\n<p>\u2022 Inclusi\u00f3n de ni\u00f1os en situaci\u00f3n. de pobreza o con discapacidad.<\/p>\n\n\n\n<p>\u2022 Ampliaci\u00f3n de recursos para capacitaci\u00f3n docente.<\/p>\n\n\n\n<p>\u2022 Plan de alimentos. Nutrici\u00f3n saludable. Ampliar el PAE.<\/p>\n\n\n\n<p>\u2022 Unidades m\u00f3viles con personal psicol\u00f3gico, para atender casos de estudiantes.<\/p>\n\n\n\n<p>\u2022 Dotaci\u00f3n de ambientes escolares.<\/p>\n\n\n\n<p>\u2022 Cobertura de estudiantes en extra edad.<\/p>\n\n\n\n<p>\u2022 Estrategia de permanencia: transporte, dotaci\u00f3n m\u00ednima y nutrici\u00f3n saludable.<\/p>\n\n\n\n<p>Mesa vida, seguridad y integridad personal<\/p>\n\n\n\n<p>\u2022 Seguridad en espacios p\u00fablicos parques, canchas.<\/p>\n\n\n\n<p>\u2022 Prevenir el consumo de sustancias y solucionar el pandillismo.<\/p>\n\n\n\n<p>\u2022 Vigilancia en barrios.<\/p>\n\n\n\n<p>\u2022 Capacitar a docentes para manejar casos de violencias.<\/p>\n\n\n\n<p>\u2022 Dise\u00f1ar estrategias para identificar alertas tempranas, para atender las violencias a ni\u00f1os, ni\u00f1as y adolescentes.<\/p>\n\n\n\n<p>Mesa espacio p\u00fablico<\/p>\n\n\n\n<p>\u2022 Dotar a escuelas deportivas con implementos para realizar las pr\u00e1cticas.<\/p>\n\n\n\n<p>\u2022 Ampliaci\u00f3n de jornadas en I.E. en actividad f\u00edsica.<\/p>\n\n\n\n<p>\u2022 Rutas para las personas que participan en deportes.<\/p>\n\n\n\n<p>\u2022 Mantenimiento de espacios deportivos y de recreaci\u00f3n&nbsp;<\/p>\n\n\n\n<p>\u2022 Vigilancia a espacios p\u00fablicos.<\/p>\n\n\n\n<p>\u2022 Acceso a espacios hist\u00f3ricos de la ciudad de manera permanentemente gratuita.<\/p>\n\n\n\n<p>El alcalde William Dau se comprometi\u00f3 a entregar en el informe de empalme, las conclusiones que presentadas por los ni\u00f1os, ni\u00f1as, adolescentes y j\u00f3venes que participaron de la Rendici\u00f3n de Cuentas de Primera Infancia, Infancia, Adolescencia y Juventud para que sean tenidas en cuenta por la pr\u00f3xima administraci\u00f3n en la formulaci\u00f3n e implementaci\u00f3n de su respectivo Plan de Desarrollo.<\/p>\n\n\n\n<figure class=\"wp-block-gallery has-nested-images columns-default is-cropped wp-block-gallery-1 is-layout-flex wp-block-gallery-is-layout-flex\">\n<figure class=\"wp-block-image size-large\"><img fetchpriority=\"high\" decoding=\"async\" width=\"1024\" height=\"1024\" data-id=\"4274\" src=\"https:\/\/cartagenaaldia.com\/wp-content\/uploads\/2023\/10\/Cuadrada-Imagen-7-1024x1024.jpg\" alt=\"\" class=\"wp-image-4274\"\/><\/figure>\n\n\n\n<figure class=\"wp-block-image size-large\"><img decoding=\"async\" width=\"1024\" height=\"1024\" data-id=\"4275\" src=\"https:\/\/cartagenaaldia.com\/wp-content\/uploads\/2023\/10\/Cuadrada-Imagen-6-1-1024x1024.jpg\" alt=\"\" class=\"wp-image-4275\"\/><\/figure>\n<\/figure>\n","protected":false},"excerpt":{"rendered":"<p>Los ni\u00f1os, ni\u00f1as, j\u00f3venes y adolescentes fueron los grandes protagonistas de la Administraci\u00f3n &#8220;Salvemos Juntos a Cartagena&#8221;, durante el gobierno del alcalde William Dau Chamatt. <\/p>\n","protected":false},"author":2,"featured_media":4273,"comment_status":"closed","ping_status":"closed","sticky":false,"template":"","format":"standard","meta":{"om_disable_all_campaigns":false,"_monsterinsights_skip_tracking":false,"_monsterinsights_sitenote_active":false,"_monsterinsights_sitenote_note":"","_monsterinsights_sitenote_category":0,"footnotes":""},"categories":[112,102,105],"tags":[275,197,315],"class_list":["post-4272","post","type-post","status-publish","format-standard","has-post-thumbnail","hentry","category-educacion","category-generales","category-politica","tag-alcaldia-cartagena","tag-alcaldia-cartagena-de-indias","tag-lukatmi"],"_links":{"self":[{"href":"https:\/\/cartagenaaldia.com\/index.php\/wp-json\/wp\/v2\/posts\/4272","targetHints":{"allow":["GET"]}}],"collection":[{"href":"https:\/\/cartagenaaldia.com\/index.php\/wp-json\/wp\/v2\/posts"}],"about":[{"href":"https:\/\/cartagenaaldia.com\/index.php\/wp-json\/wp\/v2\/types\/post"}],"author":[{"embeddable":true,"href":"https:\/\/cartagenaaldia.com\/index.php\/wp-json\/wp\/v2\/users\/2"}],"replies":[{"embeddable":true,"href":"https:\/\/cartagenaaldia.com\/index.php\/wp-json\/wp\/v2\/comments?post=4272"}],"version-history":[{"count":3,"href":"https:\/\/cartagenaaldia.com\/index.php\/wp-json\/wp\/v2\/posts\/4272\/revisions"}],"predecessor-version":[{"id":4280,"href":"https:\/\/cartagenaaldia.com\/index.php\/wp-json\/wp\/v2\/posts\/4272\/revisions\/4280"}],"wp:featuredmedia":[{"embeddable":true,"href":"https:\/\/cartagenaaldia.com\/index.php\/wp-json\/wp\/v2\/media\/4273"}],"wp:attachment":[{"href":"https:\/\/cartagenaaldia.com\/index.php\/wp-json\/wp\/v2\/media?parent=4272"}],"wp:term":[{"taxonomy":"category","embeddable":true,"href":"https:\/\/cartagenaaldia.com\/index.php\/wp-json\/wp\/v2\/categories?post=4272"},{"taxonomy":"post_tag","embeddable":true,"href":"https:\/\/cartagenaaldia.com\/index.php\/wp-json\/wp\/v2\/tags?post=4272"}],"curies":[{"name":"wp","href":"https:\/\/api.w.org\/{rel}","templated":true}]}}