{"id":4198,"date":"2023-10-14T15:45:29","date_gmt":"2023-10-14T20:45:29","guid":{"rendered":"https:\/\/cartagenaaldia.com\/?p=4198"},"modified":"2025-04-15T19:15:01","modified_gmt":"2025-04-16T00:15:01","slug":"water-as-leverage-cartagena-construyendo-con-el-agua","status":"publish","type":"post","link":"https:\/\/cartagenaaldia.com\/index.php\/2023\/10\/14\/water-as-leverage-cartagena-construyendo-con-el-agua\/","title":{"rendered":"Water as Leverage Cartagena &#8211; Construyendo con el agua"},"content":{"rendered":"\n<p>El Programa Water as Leverage Cartagena &#8211; Construyendo con el agua socializ\u00f3 11 dise\u00f1os conceptuales de infraestructura sostenible para la ciudad, elaborados a lo largo del a\u00f1o por dos equipos multidisciplinarios, en di\u00e1logo con los diferentes actores locales. Este proceso incluy\u00f3 etapas de reconocimiento de los territorios, an\u00e1lisis de riesgos y vulnerabilidad, consideraci\u00f3n de las caracter\u00edsticas ecol\u00f3gicas y naturales, y del contexto social, entre otras.<\/p>\n\n\n\n<p>Estas propuestas de proyectos promueven la inclusi\u00f3n social de las comunidades, contribuyen a la protecci\u00f3n de la biodiversidad y los cuerpos de agua y se enfocan en aportar a la adaptaci\u00f3n y resiliencia clim\u00e1tica de la ciudad. Las propuestas se encuentran a nivel de dise\u00f1o conceptual, para posteriormente ser priorizadas y llevadas a an\u00e1lisis de pre-factibilidad y factibilidad, financiaci\u00f3n e implementaci\u00f3n.<\/p>\n\n\n\n<p>Para Meike van Ginneken, enviada especial para Asuntos Internacionales del Agua de los Pa\u00edses Bajos: \u201cWater as Leverage es un proceso para definir los proyectos de infraestructura sostenible para mejorar la calidad de vida en Cartagena. En este Foro los equipos multidisciplinarios presentaron 11 proyectos desarrollados con las comunidades, con el gobierno central, l\u00edderes comunitarios y con el sector privado y la alcald\u00eda. Vamos juntos a construir con el agua para que la ciudad de Cartagena sea una ciudad limpia, una ciudad inclusiva y sostenible\u201d.<\/p>\n\n\n\n<p>Por su parte, el Alcalde de Cartagena, William Dau Chamat, indic\u00f3 que \u201cConstruyendo con el agua es un ejemplo valioso de colaboraci\u00f3n internacional [\u2026] La adaptaci\u00f3n clim\u00e1tica es una prioridad para nuestra ciudad, no solo de una administraci\u00f3n. Aqu\u00ed tenemos que trabajar arduamente en proyectos integrales y duraderos, esta es una tarea de largo plazo y, la cual, debe ser consistente en las siguientes administraciones [&#8230;]&nbsp; y este foro es una oportunidad para profundizar las relaciones entre Cartagena y los Pa\u00edses Bajos. Para intercambiar experiencias y conocimientos. Para construir soluciones sostenibles para el futuro de nuestra ciudad, necesitamos, juntos, seguir trabajando por Cartagena\u201d.<\/p>\n\n\n\n<p>Ximena Rojas Giraldo, Directora de Asuntos Marinos, Costeros y Recursos Acu\u00e1ticos del Ministerio de Ambiente y Desarrollo Sostenible, se\u00f1al\u00f3 que: \u201cSon muy interesante estas propuestas porque tienen como eje estructural el agua, adicionalmente, que tienen una visi\u00f3n incluyente donde las comunidades est\u00e1n cumpliendo un rol importante en dar su punto de vista y en aportar con respecto a sus expectativas y sus necesidades. Estos proyectos se est\u00e1n basando y se est\u00e1n dirigiendo hacia el concepto de la resiliencia frente al cambio clim\u00e1tico\u201d.<\/p>\n\n\n\n<p><strong>Propuestas inclusivas e integrales para toda la ciudad<\/strong><\/p>\n\n\n\n<p>El equipo multidisciplinario Ra\u00edces de Cartagena present\u00f3 6 conceptos de dise\u00f1o para proponer soluciones en cuatro zonas de oportunidad de la ciudad: para el frente costero este equipo prioriz\u00f3 los sectores de Marbella-Crespo y La Boquilla. En Marbella-Crespo se propone la creaci\u00f3n de un parque-paseo marino y un motor de arena que protejan de las inundaciones por incremento del nivel del mar y por lluvias; en La Boquilla, se plantea un sistema de drenaje acompa\u00f1ado con procesos de restauraci\u00f3n.<\/p>\n\n\n\n<p>Para las cuencas de San Mart\u00edn, L\u00edbano y Salim Bechara, los dise\u00f1os se enfocan en sistemas colectores de drenaje, calles clim\u00e1ticas, limpieza y renaturalizaci\u00f3n de los canales. En la zona de los arroyos Calicanto Nuevo, San Jos\u00e9, La Princesa, Isla de Le\u00f3n y Lim\u00f3n, as\u00ed como en los ca\u00f1os y lagos San Pedro, Petares y Daniel Lemaitre, los dise\u00f1os se concentran en proponer medidas para el almacenamiento y captaci\u00f3n de aguas para evitar inundaciones, adem\u00e1s de drenaje y limpieza de estos cuerpos de agua.<\/p>\n\n\n\n<p>Tambi\u00e9n se propone una estrategia para el ca\u00f1o Juan Angola, proteger las orillas contra inundaciones o instalar compuertas que permitan proteger la ciudad cuando hay marea alta en la bah\u00eda. En las cuencas Puerta de Hierro, Arroz Barato y Policarpa 1 y 2 de la Bah\u00eda de la ciudad, los dise\u00f1os se enfocan en reducir el deterioro ecol\u00f3gico mediante reforestaci\u00f3n, restauraci\u00f3n de estos ecosistemas, drenaje y limpieza, as\u00ed como la delimitaci\u00f3n de zonas inundables.<\/p>\n\n\n\n<p>Por su parte, el equipo multidisciplinario Cartagena ConAgua present\u00f3 propuestas de proyectos para desarrollar obras de infraestructura social y sostenible alrededor de la Ci\u00e9naga de la Virgen, con cinco propuestas para intervenir las siguientes zonas: Ca\u00f1o Juan Angola, con infraestructura para crear un borde socio-ambiental que permitir\u00e1 proteger las viviendas de inundaciones y recuperar el canal como ecosistema natural y canal de transporte mar\u00edtimo.<\/p>\n\n\n\n<p>En la zona de La Bocana se propone la restauraci\u00f3n integral del sistema hidr\u00e1ulico y la creaci\u00f3n de un parque natural que pueda beneficiar a la comunidad de pescadores; se propone que el sector de La Boquilla se convierta en una reserva ecotur\u00edstica, habilitar la boca natural y mejorar las condiciones de sus habitantes y el entorno; adem\u00e1s, que el costado oriental de La Ci\u00e9naga sea un corredor ecol\u00f3gico y agr\u00edcola sostenible; por \u00faltimo, para el arroyo Matute se propone su restauraci\u00f3n ecol\u00f3gica y social.<\/p>\n\n\n\n<p>Frente a estas propuestas, la lideresa del barrio Ciudad del Bicentenario, Nelba Marenco, expres\u00f3: \u201ceste es un proyecto muy bueno, ya que est\u00e1n pensando no solamente en embellecer ciertas partes de Cartagena, sino tambi\u00e9n en solucionar la problem\u00e1tica de las inundaciones, que el agua tenga movimiento y embellecer lugares como los ca\u00f1os, la Ci\u00e9naga de la Virgen; eso generar\u00eda un impacto muy social\u201d.<\/p>\n\n\n\n<p>As\u00ed mismo, Abel Barrios, l\u00edder del barrio L\u00edbano, indic\u00f3 que: \u201clos dise\u00f1os incre\u00edbles, maravillosos, as\u00ed como los plasmaron, como los hemos visto, si eso se lleva a la realidad esto va a ser algo hist\u00f3rico, as\u00ed como es Cartagena. Solo esperamos que as\u00ed como nos est\u00e1n involucrando en este momento, nos est\u00e1n dando esta participaci\u00f3n como l\u00edderes, como lideresas, para que nos apropiemos, sigamos capacit\u00e1ndonos para tener m\u00e1s conocimiento y de esta misma manera llevar este mensaje a nuestras comunidades\u201d.<\/p>\n\n\n\n<p><strong>Un di\u00e1logo permanente: \u00bfC\u00f3mo construimos juntos una Cartagena inclusiva?<\/strong><\/p>\n\n\n\n<p>El evento de lanzamiento de estas propuestas de proyectos cerr\u00f3 con un foro en el que participaron Juan Henr\u00edquez de ECOVIDA; Mauro Maza, PhD y profesor de la Universidad Tecnol\u00f3gica de Bol\u00edvar; Maristella Madero, directora regional de la Fundaci\u00f3n Grupo Social; y Juan Camilo Oliveros, director ejecutivo del Consejo Gremial de Bol\u00edvar.<\/p>\n\n\n\n<p>Para Oliveros, \u201cEl Consejo Gremial de Bol\u00edvar se ha interesado por apoyar los proyectos de largo plazo y de futuro de la ciudad, y este futuro tiene que estar alineado a los temas ambientales y tambi\u00e9n a las posibilidades reales que tiene la ciudad. Tenemos unas amenazas muy fuertes del cambio clim\u00e1tico, por lo tanto requerimos impulsar todos estos proyectos que trascienden una administraci\u00f3n\u201d.<\/p>\n\n\n\n<p>El siguiente paso en el Programa Water as Leverage Cartagena &#8211; Construyendo con el Agua, consistir\u00e1 en llevar las propuestas de proyectos con mayor potencial a la etapa de pre-factibilidad; esta se proyecta hasta el pr\u00f3ximo a\u00f1o, momento en el que se espera entregar los dise\u00f1os finales.<\/p>\n\n\n\n<figure class=\"wp-block-embed is-type-video is-provider-youtube wp-block-embed-youtube wp-embed-aspect-16-9 wp-has-aspect-ratio\"><div class=\"wp-block-embed__wrapper\">\n<iframe title=\"WaL Cartagena in short - Water as Leverage Cartagena - Construyendo con el agua (September 2023)\" width=\"500\" height=\"281\" src=\"https:\/\/www.youtube.com\/embed\/PqQtnAuroNw?feature=oembed\" frameborder=\"0\" allow=\"accelerometer; autoplay; clipboard-write; encrypted-media; gyroscope; picture-in-picture; web-share\" referrerpolicy=\"strict-origin-when-cross-origin\" allowfullscreen><\/iframe>\n<\/div><\/figure>\n","protected":false},"excerpt":{"rendered":"<p>Las propuestas de Water as Leverage Cartagena &#8211; Construyendo con el agua, logran articular el sector p\u00fablico, privado y social, en beneficio de la ciudad con11 propuestas de soluciones sostenibles para Cartagena. Los dise\u00f1os presentados continuar\u00e1n el proceso de an\u00e1lisis de prefactibilidad y factibilidad t\u00e9cnica, social, ambiental y financiera.<\/p>\n","protected":false},"author":2,"featured_media":4199,"comment_status":"closed","ping_status":"closed","sticky":false,"template":"","format":"standard","meta":{"om_disable_all_campaigns":false,"_monsterinsights_skip_tracking":false,"_monsterinsights_sitenote_active":false,"_monsterinsights_sitenote_note":"","_monsterinsights_sitenote_category":0,"footnotes":""},"categories":[103,102,109,108],"tags":[275,197,315],"class_list":["post-4198","post","type-post","status-publish","format-standard","has-post-thumbnail","hentry","category-economia","category-generales","category-salud","category-tecnologia","tag-alcaldia-cartagena","tag-alcaldia-cartagena-de-indias","tag-lukatmi"],"_links":{"self":[{"href":"https:\/\/cartagenaaldia.com\/index.php\/wp-json\/wp\/v2\/posts\/4198","targetHints":{"allow":["GET"]}}],"collection":[{"href":"https:\/\/cartagenaaldia.com\/index.php\/wp-json\/wp\/v2\/posts"}],"about":[{"href":"https:\/\/cartagenaaldia.com\/index.php\/wp-json\/wp\/v2\/types\/post"}],"author":[{"embeddable":true,"href":"https:\/\/cartagenaaldia.com\/index.php\/wp-json\/wp\/v2\/users\/2"}],"replies":[{"embeddable":true,"href":"https:\/\/cartagenaaldia.com\/index.php\/wp-json\/wp\/v2\/comments?post=4198"}],"version-history":[{"count":1,"href":"https:\/\/cartagenaaldia.com\/index.php\/wp-json\/wp\/v2\/posts\/4198\/revisions"}],"predecessor-version":[{"id":4200,"href":"https:\/\/cartagenaaldia.com\/index.php\/wp-json\/wp\/v2\/posts\/4198\/revisions\/4200"}],"wp:featuredmedia":[{"embeddable":true,"href":"https:\/\/cartagenaaldia.com\/index.php\/wp-json\/wp\/v2\/media\/4199"}],"wp:attachment":[{"href":"https:\/\/cartagenaaldia.com\/index.php\/wp-json\/wp\/v2\/media?parent=4198"}],"wp:term":[{"taxonomy":"category","embeddable":true,"href":"https:\/\/cartagenaaldia.com\/index.php\/wp-json\/wp\/v2\/categories?post=4198"},{"taxonomy":"post_tag","embeddable":true,"href":"https:\/\/cartagenaaldia.com\/index.php\/wp-json\/wp\/v2\/tags?post=4198"}],"curies":[{"name":"wp","href":"https:\/\/api.w.org\/{rel}","templated":true}]}}