{"id":4103,"date":"2023-10-10T13:48:46","date_gmt":"2023-10-10T18:48:46","guid":{"rendered":"https:\/\/cartagenaaldia.com\/?p=4103"},"modified":"2023-10-10T13:48:48","modified_gmt":"2023-10-10T18:48:48","slug":"colombia-un-pais-para-las-ninas","status":"publish","type":"post","link":"https:\/\/cartagenaaldia.com\/index.php\/2023\/10\/10\/colombia-un-pais-para-las-ninas\/","title":{"rendered":"Colombia un pa\u00eds para las ni\u00f1as"},"content":{"rendered":"\n<h5 class=\"wp-block-heading\"><strong>Nuestro sue\u00f1o para las ni\u00f1as en Colombia es que se sientan valoradas y protegidas &#8211; Dos voces que te invitan a escuchar.<\/strong><\/h5>\n\n\n\n<p>Sala Redacci\u00f3n. &#8211; Desde la Fundaci\u00f3n Plan Internacional en el D\u00eda Internacional de las Ni\u00f1as, queremos compartir un testimonio que refleja una realidad y un llamado desde lo m\u00e1s profundo del coraz\u00f3n.Somos Nikol y Yulieth, dos ni\u00f1as colombianas con un sue\u00f1o en com\u00fan: un pa\u00eds donde cada ni\u00f1a se sienta valorada y protegida, donde la igualdad y la equidad sean los pilares de nuestra sociedad.\u00a0<\/p>\n\n\n\n<p>A trav\u00e9s de nuestras palabras, deseamos llevarte en un viaje de experiencias, sue\u00f1os y desaf\u00edos, en busca del pa\u00eds que ansiamos construir. Esta traves\u00eda es una invitaci\u00f3n a conocer perspectivas, preocupaciones y esperanzas de las ni\u00f1as en el pa\u00eds. <\/p>\n\n\n\n<p>Queremos que, a medida que leas estas l\u00edneas, sientas la pasi\u00f3n con la que abrazamos nuestro sue\u00f1o y te unas a nosotras en este camino, hacia un futuro m\u00e1s justo y brillante para todas las ni\u00f1as en Colombia. Acomp\u00e1\u00f1anos en esta exploraci\u00f3n de lo que significa ser ni\u00f1a y en nuestra b\u00fasqueda constante de un mundo donde podamos crecer en igualdad y seguridad.<\/p>\n\n\n\n<p>Yo, Nikol, soy la voz que te narrar\u00e1 la historia de c\u00f3mo, en nuestro territorio, las ni\u00f1as con frecuencia nos vemos forzadas a asumir roles de adultas para ganar respeto y ser escuchadas. Ambas compartimos el sentimiento de tristeza cuando, en ocasiones, nos vemos obligadas a cambiar nuestro lenguaje y aparentar madurez en conversaciones de personas adultas para ser tomadas en serio. Nos resulta profundamente frustrante que la palabra &#8220;ni\u00f1a&#8221; se use para menospreciar nuestra capacidad de opinar y expresarnos.<\/p>\n\n\n\n<p>Esta lucha no es solo m\u00eda, sino tambi\u00e9n de Yulieth y de miles de ni\u00f1as en Colombia. Nos duele ver c\u00f3mo nuestras voces a menudo son minimizadas, relegadas al rinc\u00f3n de lo infantil, cuando tenemos pensamientos y opiniones que merecen ser escuchadas y respetadas. En un mundo donde la madurez se mide por la edad y no por la profundidad de nuestras ideas, nos sentimos atrapadas entre la necesidad de ser escuchadas y la presi\u00f3n de aparentar ser adultas. Esta dualidad es una carga que ninguna ni\u00f1a deber\u00eda llevar.<\/p>\n\n\n\n<p>Pero hay algo a\u00fan m\u00e1s desgarrador que nos motiva a alzar la voz y unirnos en esta causa. La realidad de los delitos sexuales cometidos contra ni\u00f1as y adolescentes en Colombia es una carga demasiado pesada para que cualquier ni\u00f1a la soporte. Mientras podemos estar viendo un partido de f\u00fatbol, aproximadamente, 5 ni\u00f1as entre 0 y 17 a\u00f1os en el pa\u00eds est\u00e1n siendo abusadas sexualmente. Cada una de estas cifras representa una vida marcada por el sufrimiento y el dolor. Cada una es una raz\u00f3n m\u00e1s para que la voz de las ni\u00f1as, sea escuchada.<\/p>\n\n\n\n<p>Nuestra lucha, la de Nikol y m\u00eda, es poder ser escuchadas desde nuestro propio lenguaje, para que se generen entornos en los que las ni\u00f1as seamos ni\u00f1as. Queremos vivir sin sentir esa necesidad de aparentar ser adultas para sentirnos protegidas y seguras. Deseamos con todo nuestro coraz\u00f3n que las ni\u00f1as puedan crecer sin temor a ser abusadas sexualmente en cualquier etapa de sus vidas. Tambi\u00e9n, creemos firmemente que es esencial que los ni\u00f1os se conviertan en aliados estrat\u00e9gicos de nuestra causa, para que juntas y juntos logremos crecer en un ambiente sano y libre, construyendo un futuro m\u00e1s seguro y prometedor.<\/p>\n\n\n\n<p>Y yo, Yulieth, te hablar\u00e9 sobre la campa\u00f1a &#8220;Un Pa\u00eds para las Ni\u00f1as&#8221; de Fundaci\u00f3n PLAN. Tanto Nikol como yo compartimos el deseo de ver un pa\u00eds donde las ni\u00f1as no solo sean vistas como lideresas potenciales, sino como modelos a seguir. Pero queremos que comprendan la sociedad que esta campa\u00f1a no es solo una expresi\u00f3n de deseos, es una necesidad urgente y apremiante.<\/p>\n\n\n\n<p>Imagina un pa\u00eds donde las ni\u00f1as no solo sean vistas como seres con potencial, sino como lideresas naturales y modelos a seguir en sus comunidades. Nos sumamos a la campa\u00f1a \u201cUn Pa\u00eds para las Ni\u00f1as\u201d porque es nuestro sue\u00f1o para Colombia, vemos a ni\u00f1as de todas las edades empoder\u00e1ndose, levantando sus voces y liderando cambios significativos en nuestros territorios. Visualizamos a ni\u00f1as que no tienen que luchar para que se les escuche, sino que se les da un lugar central en la construcci\u00f3n de nuestro pa\u00eds.<\/p>\n\n\n\n<p>El empoderamiento es esencial para lograr este cambio. Las ni\u00f1as necesitan espacios donde puedan y podamos ser las voces de nuestras propias historias y comunidades. Queremos ser parte activa en la toma de decisiones que intervienen en nuestras vidas y nuestro futuro. Queremos que se nos d\u00e9 la oportunidad de desarrollar nuestras habilidades de liderazgo y contribuir a una sociedad m\u00e1s justa y equitativa.<\/p>\n\n\n\n<p>M\u00e1s all\u00e1 de las palabras y las estad\u00edsticas, queremos que tengas presente el impacto real de la desigualdad y la violencia de g\u00e9nero en nuestro pa\u00eds. Entre 2015 y el 4 de septiembre de 2023, se han registrado 3.463 feminicidios, una cifra devastadora. Lo m\u00e1s alarmante es que el 36% de estas v\u00edctimas son ni\u00f1as, adolescentes y mujeres j\u00f3venes, con edades comprendidas entre los 0 y los 28 a\u00f1os. Detr\u00e1s de estas cifras hay historias personales, sue\u00f1os truncados y familias que han sufrido p\u00e9rdidas irreparables. Esta realidad dolorosa nos impulsa a\u00fan m\u00e1s a luchar por un cambio real en Colombia.<\/p>\n\n\n\n<p>Somos, Nikol y Yulieth, dos ni\u00f1as con sue\u00f1os sin l\u00edmites, te invitamos a ser parte de nuestra lucha por un cambio real en Colombia. Sigamos juntas y juntos en este camino hacia un futuro m\u00e1s justo y brillante para todas las ni\u00f1as que est\u00e1n en nuestro pa\u00eds.<\/p>\n\n\n\n<p>Les invitamos a unirte a nosotras y a todo el equipo de Fundaci\u00f3n PLAN, para que hagas parte de la gran oportunidad de construir un pa\u00eds donde las ni\u00f1as sean las protagonistas de su propia historia, donde la igualdad y la equidad sean la base de nuestra sociedad.<\/p>\n\n\n\n<p>Nikol y Yulieth<\/p>\n\n\n\n<p>PParticipantes de Fundaci\u00f3n PLAN.<\/p>\n","protected":false},"excerpt":{"rendered":"<p>Nuestro sue\u00f1o para las ni\u00f1as en Colombia es que se sientan valoradas y protegidas &#8211; Dos voces que te invitan a escuchar.<\/p>\n","protected":false},"author":2,"featured_media":4104,"comment_status":"closed","ping_status":"closed","sticky":false,"template":"","format":"standard","meta":{"om_disable_all_campaigns":false,"_monsterinsights_skip_tracking":false,"_monsterinsights_sitenote_active":false,"_monsterinsights_sitenote_note":"","_monsterinsights_sitenote_category":0,"footnotes":""},"categories":[115,112,102],"tags":[312],"class_list":["post-4103","post","type-post","status-publish","format-standard","has-post-thumbnail","hentry","category-colombia","category-educacion","category-generales","tag-fundacion-plan"],"_links":{"self":[{"href":"https:\/\/cartagenaaldia.com\/index.php\/wp-json\/wp\/v2\/posts\/4103","targetHints":{"allow":["GET"]}}],"collection":[{"href":"https:\/\/cartagenaaldia.com\/index.php\/wp-json\/wp\/v2\/posts"}],"about":[{"href":"https:\/\/cartagenaaldia.com\/index.php\/wp-json\/wp\/v2\/types\/post"}],"author":[{"embeddable":true,"href":"https:\/\/cartagenaaldia.com\/index.php\/wp-json\/wp\/v2\/users\/2"}],"replies":[{"embeddable":true,"href":"https:\/\/cartagenaaldia.com\/index.php\/wp-json\/wp\/v2\/comments?post=4103"}],"version-history":[{"count":1,"href":"https:\/\/cartagenaaldia.com\/index.php\/wp-json\/wp\/v2\/posts\/4103\/revisions"}],"predecessor-version":[{"id":4105,"href":"https:\/\/cartagenaaldia.com\/index.php\/wp-json\/wp\/v2\/posts\/4103\/revisions\/4105"}],"wp:featuredmedia":[{"embeddable":true,"href":"https:\/\/cartagenaaldia.com\/index.php\/wp-json\/wp\/v2\/media\/4104"}],"wp:attachment":[{"href":"https:\/\/cartagenaaldia.com\/index.php\/wp-json\/wp\/v2\/media?parent=4103"}],"wp:term":[{"taxonomy":"category","embeddable":true,"href":"https:\/\/cartagenaaldia.com\/index.php\/wp-json\/wp\/v2\/categories?post=4103"},{"taxonomy":"post_tag","embeddable":true,"href":"https:\/\/cartagenaaldia.com\/index.php\/wp-json\/wp\/v2\/tags?post=4103"}],"curies":[{"name":"wp","href":"https:\/\/api.w.org\/{rel}","templated":true}]}}