{"id":4031,"date":"2023-09-30T16:39:33","date_gmt":"2023-09-30T21:39:33","guid":{"rendered":"https:\/\/cartagenaaldia.com\/?p=4031"},"modified":"2023-09-30T16:39:34","modified_gmt":"2023-09-30T21:39:34","slug":"festival-familiar","status":"publish","type":"post","link":"https:\/\/cartagenaaldia.com\/index.php\/2023\/09\/30\/festival-familiar\/","title":{"rendered":"Festival Familiar"},"content":{"rendered":"\n<h5 class=\"wp-block-heading\">La Renovaci\u00f3n Carism\u00e1tica invita alFestival Familiar para el sostenimiento de obras en Cartagena.<\/h5>\n\n\n\n<p>Este domingo 01 de octubre de 2023, la Renovaci\u00f3n Carism\u00e1tica Cat\u00f3lica de Cartagena realizar\u00e1 el FESTIVAL FAMILIAR CARISM\u00c1TICO, un encuentro fraterno, lleno de alegr\u00eda y entusiasmo, cuya realizaci\u00f3n busca el sostenimiento y el fortalecimiento de las obras que la comunidad carism\u00e1tica lidera en la Arquidi\u00f3cesis de Cartagena:<\/p>\n\n\n\n<p>1 &#8211; Casa de Oraci\u00f3n Mar\u00eda de Nazareth: un centro de evangelizaci\u00f3n, lugar de encuentro favorable para la oraci\u00f3n, la formaci\u00f3n y la celebraci\u00f3n de la fe.<\/p>\n\n\n\n<p>2- Centro de Promoci\u00f3n Pan y Vida: inicialmente fue un comedor que se construy\u00f3 para compartir el desayuno y almuerzo con los ni\u00f1os de la comunidad de Villa Hermosa, pero busca ser un centro que ofrezca atenci\u00f3n integral a las familias, enfatizando en la formaci\u00f3n para mejorar sus capacidades para acceder a un empleo o iniciar un emprendimiento que mejore su calidad de vida.<\/p>\n\n\n\n<p>3- Casa de Retiros Tierra Santa: ubicado en el corregimiento de Arroyo de Piedra, propicio para la realizaci\u00f3n de retiros, convivencias y ejercicios espirituales en contacto con la naturaleza y vista al mar.<\/p>\n\n\n\n<p><strong>\u00bfC\u00f3mo se puede apoyar al Festival?<\/strong><\/p>\n\n\n\n<p>Estas tres obras requieren de apoyo para su sostenimiento y para fortalecer su oferta de servicios a la comunidad. <\/p>\n\n\n\n<p><strong>Como puedes contribuir:<\/strong><\/p>\n\n\n\n<p>&#8211; Adquiriendo un bono que permite acceder a un cart\u00f3n para participar de un Bingo.<\/p>\n\n\n\n<p>&#8211; Participando en el festival gastron\u00f3mico comprando los diversos platos que se ofrecer\u00e1n.<\/p>\n\n\n\n<p>&#8211; Donando un regalo para ser entregado en el Bingo.<\/p>\n\n\n\n<p>&#8211; Apoyando con una donaci\u00f3n voluntaria una vez o permanente (Plan Padrino).<\/p>\n\n\n\n<p><strong>El Festival es para todos<\/strong><\/p>\n\n\n\n<p>El bono adquirido da acceso a un cart\u00f3n para jugar en el bingo, pero no limita el acceso al encuentro, adem\u00e1s, la contribuci\u00f3n ser\u00e1 \u00edntegra para las necesidades de la Casa de Oraci\u00f3n Mar\u00eda de Nazareth, el Centro Pan y Vida en Villa Hermosa y la Casa de Retiros Tierra Santa.<\/p>\n\n\n\n<p><strong>El FESTIVAL FAMILIAR CARISM\u00c1TICO <\/strong>tendr\u00e1 lugar en la Casa de Oraci\u00f3n Mar\u00eda de Nazareth. Para quienes lleguen en veh\u00edculos estar\u00e1 habilitado el parqueadero de la Consulta externa de la Cl\u00ednica Madre Bernarda, con una tarifa especial por toda la jornada. Para mayor informaci\u00f3n sobre las formas de contribuci\u00f3n, aportes y donaciones est\u00e1n habilitadas las siguientes l\u00edneas:<\/p>\n\n\n\n<p>(605) 6514565 <\/p>\n\n\n\n<p>WhatsApp 315 7667950 &#8211; 320 5123708<\/p>\n","protected":false},"excerpt":{"rendered":"<p>La Renovaci\u00f3n Carism\u00e1tica invita al<br \/>\nFestival Familiar para el sostenimiento de obras en Cartagena.<\/p>\n","protected":false},"author":2,"featured_media":4032,"comment_status":"closed","ping_status":"closed","sticky":false,"template":"","format":"standard","meta":{"om_disable_all_campaigns":false,"_monsterinsights_skip_tracking":false,"_monsterinsights_sitenote_active":false,"_monsterinsights_sitenote_note":"","_monsterinsights_sitenote_category":0,"footnotes":""},"categories":[110,107,114,102],"tags":[303],"class_list":["post-4031","post","type-post","status-publish","format-standard","has-post-thumbnail","hentry","category-bolivar","category-cultura","category-entretenimiento","category-generales","tag-arquidiocesis-cartagena"],"_links":{"self":[{"href":"https:\/\/cartagenaaldia.com\/index.php\/wp-json\/wp\/v2\/posts\/4031","targetHints":{"allow":["GET"]}}],"collection":[{"href":"https:\/\/cartagenaaldia.com\/index.php\/wp-json\/wp\/v2\/posts"}],"about":[{"href":"https:\/\/cartagenaaldia.com\/index.php\/wp-json\/wp\/v2\/types\/post"}],"author":[{"embeddable":true,"href":"https:\/\/cartagenaaldia.com\/index.php\/wp-json\/wp\/v2\/users\/2"}],"replies":[{"embeddable":true,"href":"https:\/\/cartagenaaldia.com\/index.php\/wp-json\/wp\/v2\/comments?post=4031"}],"version-history":[{"count":1,"href":"https:\/\/cartagenaaldia.com\/index.php\/wp-json\/wp\/v2\/posts\/4031\/revisions"}],"predecessor-version":[{"id":4033,"href":"https:\/\/cartagenaaldia.com\/index.php\/wp-json\/wp\/v2\/posts\/4031\/revisions\/4033"}],"wp:featuredmedia":[{"embeddable":true,"href":"https:\/\/cartagenaaldia.com\/index.php\/wp-json\/wp\/v2\/media\/4032"}],"wp:attachment":[{"href":"https:\/\/cartagenaaldia.com\/index.php\/wp-json\/wp\/v2\/media?parent=4031"}],"wp:term":[{"taxonomy":"category","embeddable":true,"href":"https:\/\/cartagenaaldia.com\/index.php\/wp-json\/wp\/v2\/categories?post=4031"},{"taxonomy":"post_tag","embeddable":true,"href":"https:\/\/cartagenaaldia.com\/index.php\/wp-json\/wp\/v2\/tags?post=4031"}],"curies":[{"name":"wp","href":"https:\/\/api.w.org\/{rel}","templated":true}]}}