{"id":4028,"date":"2023-09-27T16:48:27","date_gmt":"2023-09-27T21:48:27","guid":{"rendered":"https:\/\/cartagenaaldia.com\/?p=4028"},"modified":"2023-09-27T16:48:28","modified_gmt":"2023-09-27T21:48:28","slug":"el-gran-malecon-del-mar","status":"publish","type":"post","link":"https:\/\/cartagenaaldia.com\/index.php\/2023\/09\/27\/el-gran-malecon-del-mar\/","title":{"rendered":"El Gran Malec\u00f3n del Mar"},"content":{"rendered":"\n<h5 class=\"wp-block-heading\">El Gran Malec\u00f3n es uno de los proyectos que desarrollar\u00e1 el candidato Dumek Turbay una vez llegue a la Alcald\u00eda de Cartagena.<\/h5>\n\n\n\n<p>Sala Redacci\u00f3n. &#8211; Dumek Turbay present\u00f3 una de las obras de infraestructura que har\u00e1 parte de sus ejecutor\u00edas durante lo que ser\u00edan los pr\u00f3ximos cuatro a\u00f1os de su gobierno, proyecto que sin duda impactar\u00e1 en la realidad tur\u00edstica de una importante zona de la ciudad como lo es la zona norte de Cartagena. <\/p>\n\n\n\n<p>\u201cEl Gran Malec\u00f3n del Mar ser\u00e1 una conexi\u00f3n peatonal, de ciclorutas, y comercial, que unir\u00e1 al sector que hoy se conoce como Playa Azul, ubicado en las playas de Blas del Teso, con el sector de Las Tenazas; pasando por el Parque Lineal de Crespo, el sector de La Bocana, y las playas de Marbella y El Cabrero; en lo que ser\u00e1n m\u00e1s de cinco kil\u00f3metros de infraestructura del que dispondr\u00e1n cartageneros y visitantes para el goce y disfrute. <\/p>\n\n\n\n<p>El Malec\u00f3n del Mar ser\u00e1 un espacio p\u00fablico emblem\u00e1tico de 10 kil\u00f3metros, que combinar\u00e1 la belleza natural de la costa con una infraestructura dise\u00f1ada para el disfrute de residentes y turistas. <\/p>\n\n\n\n<p>La obra, poseer\u00e1 un componente ambiental ambicioso que se traduce en la siembra de m\u00e1s de 1.200 \u00e1rboles como parte integral de un programa de forestaci\u00f3n con miras a reducir los efectos del calentamiento global en nuestra ciudad.<\/p>\n","protected":false},"excerpt":{"rendered":"<p>El Gran Malec\u00f3n es uno de los proyectos que desarrollar\u00e1 el candidato Dumek Turbay una vez llegue a la Alcald\u00eda de Cartagena.<\/p>\n","protected":false},"author":2,"featured_media":4029,"comment_status":"closed","ping_status":"closed","sticky":false,"template":"","format":"standard","meta":{"om_disable_all_campaigns":false,"_monsterinsights_skip_tracking":false,"_monsterinsights_sitenote_active":false,"_monsterinsights_sitenote_note":"","_monsterinsights_sitenote_category":0,"footnotes":""},"categories":[110,103,102,105,104],"tags":[245],"class_list":["post-4028","post","type-post","status-publish","format-standard","has-post-thumbnail","hentry","category-bolivar","category-economia","category-generales","category-politica","category-turismo","tag-elecciones-2023"],"_links":{"self":[{"href":"https:\/\/cartagenaaldia.com\/index.php\/wp-json\/wp\/v2\/posts\/4028","targetHints":{"allow":["GET"]}}],"collection":[{"href":"https:\/\/cartagenaaldia.com\/index.php\/wp-json\/wp\/v2\/posts"}],"about":[{"href":"https:\/\/cartagenaaldia.com\/index.php\/wp-json\/wp\/v2\/types\/post"}],"author":[{"embeddable":true,"href":"https:\/\/cartagenaaldia.com\/index.php\/wp-json\/wp\/v2\/users\/2"}],"replies":[{"embeddable":true,"href":"https:\/\/cartagenaaldia.com\/index.php\/wp-json\/wp\/v2\/comments?post=4028"}],"version-history":[{"count":1,"href":"https:\/\/cartagenaaldia.com\/index.php\/wp-json\/wp\/v2\/posts\/4028\/revisions"}],"predecessor-version":[{"id":4030,"href":"https:\/\/cartagenaaldia.com\/index.php\/wp-json\/wp\/v2\/posts\/4028\/revisions\/4030"}],"wp:featuredmedia":[{"embeddable":true,"href":"https:\/\/cartagenaaldia.com\/index.php\/wp-json\/wp\/v2\/media\/4029"}],"wp:attachment":[{"href":"https:\/\/cartagenaaldia.com\/index.php\/wp-json\/wp\/v2\/media?parent=4028"}],"wp:term":[{"taxonomy":"category","embeddable":true,"href":"https:\/\/cartagenaaldia.com\/index.php\/wp-json\/wp\/v2\/categories?post=4028"},{"taxonomy":"post_tag","embeddable":true,"href":"https:\/\/cartagenaaldia.com\/index.php\/wp-json\/wp\/v2\/tags?post=4028"}],"curies":[{"name":"wp","href":"https:\/\/api.w.org\/{rel}","templated":true}]}}