{"id":3795,"date":"2023-08-31T19:21:16","date_gmt":"2023-08-31T19:21:16","guid":{"rendered":"https:\/\/cartagenaaldia.com\/?p=3795"},"modified":"2023-08-31T20:04:25","modified_gmt":"2023-08-31T20:04:25","slug":"hay-festival-no-para","status":"publish","type":"post","link":"https:\/\/cartagenaaldia.com\/index.php\/2023\/08\/31\/hay-festival-no-para\/","title":{"rendered":"Hay Festival no Para"},"content":{"rendered":"\n<h5 class=\"wp-block-heading\"><strong>El Hay Festival Cartagena durante el a\u00f1o 2023 ha desarrollado diferentes actividades promoviendo la lectura en diferentes municipios de la provincia bolivarense.<\/strong><\/h5>\n\n\n\n<p><strong>Sala Redacci\u00f3n. &#8211;<\/strong> Hay Festival Cartagena contin\u00faa con programaci\u00f3n para los habitantes de Bol\u00edvar a lo largo del 2023. En el primer semestre lleg\u00f3 a 6 municipios del departamento de Bol\u00edvar:<\/p>\n\n\n\n<ul class=\"wp-block-list\">\n<li>Soplaviento,<\/li>\n\n\n\n<li>Calamar,<\/li>\n\n\n\n<li>Arjona,<\/li>\n\n\n\n<li>Turbana,<\/li>\n\n\n\n<li>Lomita de Arena y<\/li>\n\n\n\n<li>El Carmen de Bol\u00edvar<\/li>\n<\/ul>\n\n\n\n<p>Un total de 12 actividades desarroll\u00f3 el Hay Festival entre el 27 de febrero al 3 de marzo con la participaci\u00f3n:<\/p>\n\n\n\n<ul class=\"wp-block-list\">\n<li>El narrador Guido Tamayo (Bogot\u00e1),<\/li>\n\n\n\n<li>La escritora Cindy Herrera (Cartagena),<\/li>\n\n\n\n<li>El periodista y poeta Gustavo Tatis (Cartagena),<\/li>\n\n\n\n<li>El promotor de lectura Mart\u00edn Murillo (Cartagena),<\/li>\n\n\n\n<li>Las ilustradoras y escritoras infantiles Valentina Toro (Medell\u00edn) y \u00c1ngela Pelaez (Bogot\u00e1), y<\/li>\n\n\n\n<li>El fot\u00f3grafo \u00c1lvaro Delgado (Cartagena),<\/li>\n<\/ul>\n\n\n\n<p>Quienes conversaron sobre la creatividad, el origami, el cuento infantil y el oficio del periodismo.<\/p>\n\n\n\n<p>Adem\u00e1s, se donaron 120 libros a 6 bibliotecas municipales (una por municipio visitado).<\/p>\n\n\n\n<p>Por otra parte, desde este julio, gracias al respaldo de la Ford Foundation, se est\u00e1n desarrollando actividades en otros espacios de Cartagena: centros culturales, bibliotecas, as\u00ed como universidades de la ciudad.<\/p>\n\n\n\n<p>Estas se realizan con el apoyo de los Becarios de Excelencia en Gesti\u00f3n Cultural del Hay Festival que han trabajado en la alianza con los proyectos y procesos pedag\u00f3gicos siguientes:<\/p>\n\n\n\n<ul class=\"wp-block-list\">\n<li>La Corporaci\u00f3n Ruleli en el barrio Olaya,<\/li>\n\n\n\n<li>La Canoa Literaria en la vereda de Tierra Baja en La Boquilla y<\/li>\n\n\n\n<li>La Biblioteca Popular de Playa Blanca en Bar\u00fa.<\/li>\n<\/ul>\n\n\n\n<p>Todas estas organizaciones trabajan por las infancias y juventudes cartageneras, incluyendo personas con diversidad funcional, en torno temas de racializaci\u00f3n, g\u00e9nero, educaci\u00f3n sexual, formaci\u00f3n art\u00edstica y promoci\u00f3n de lectura.<\/p>\n\n\n\n<p>La agenda de este semestre comenz\u00f3 el pasado 15 de julio en La Canoa Literaria, con un taller de cuentos y manualidades para ni\u00f1as y ni\u00f1os, dirigido por Cindy Herrera, productora de Medios Audiovisuales y escritora afrofeminista cartagenera.<\/p>\n\n\n\n<p>Y continu\u00f3, el 10 de agosto en la Universidad Tecnol\u00f3gica de Bol\u00edvar, en el marco de la conmemoraci\u00f3n del D\u00eda del Periodista, donde los estudiantes pudieron participar en conversaciones con diversos autores y periodistas del pa\u00eds; como Cindy Herrera, Daniela S\u00e1nchez Russo, escritora y acad\u00e9mica barranquillera, y Juan Miguel \u00c1lvarez, reportero independiente en temas de cultura y derechos humanos.<\/p>\n\n\n\n<p>El 7 de octubre, la fiesta de las ideas llegar\u00e1 a Bar\u00fa con \u201cEl caldero m\u00e1gico: ensalada de palabras para contar\u201d, un taller donde se desarrollar\u00e1 una historia a partir de un collage de palabras y alimentos, en la Biblioteca Popular de Playa Blanca, dirigido tambi\u00e9n por Cindy Herrera.<\/p>\n\n\n\n<p>Para los dos \u00faltimos meses del a\u00f1o, contaremos con eventos de preparaci\u00f3n para la edici\u00f3n del 2024, que incluyen talleres de creaci\u00f3n de historias a partir de actividades como la siembra de un \u00e1rbol de mangle, movimientos r\u00edtmicos, trabajos corporales, entre otros.<\/p>\n\n\n\n<p>Las actividades del Hay Festival est\u00e1n dirigidas a p\u00fablico de todas las edades, or\u00edgenes e intereses, para compartir el gusto por la cultura, la curiosidad por conocer otros puntos de vista y desear un mundo mejor, m\u00e1s inclusivo y lleno de historias diversas.<\/p>\n\n\n\n<p>En esta ocasi\u00f3n, con el apoyo de Ford Foundation, el enfoque se ha dirigido espec\u00edficamente a las mentes curiosas de los ni\u00f1os y los j\u00f3venes universitarios.<\/p>\n\n\n\n<p>Adem\u00e1s, se ha buscado llegar a nuevas comunidades de la ciudad y el departamento, trascendiendo los espacios tradicionales del festival, con el fin de enriquecer el impacto cultural y social del mismo. Fomentando as\u00ed el acceso a libros, ideas y pensamientos a un p\u00fablico joven y diverso.<\/p>\n\n\n\n<figure class=\"wp-block-image size-large\"><img fetchpriority=\"high\" decoding=\"async\" width=\"1024\" height=\"768\" src=\"https:\/\/cartagenaaldia.com\/wp-content\/uploads\/2023\/08\/Hay-Festival-no-Para-2-1-1024x768.jpg\" alt=\"\" class=\"wp-image-3799\"\/><\/figure>\n","protected":false},"excerpt":{"rendered":"<p>El Hay Festival Cartagena durante el a\u00f1o 2023 ha desarrollado diferentes actividades promoviendo la lectura en diferentes municipios de la provincia bolivarense.<\/p>\n","protected":false},"author":2,"featured_media":3797,"comment_status":"closed","ping_status":"closed","sticky":false,"template":"","format":"standard","meta":{"om_disable_all_campaigns":false,"_monsterinsights_skip_tracking":false,"_monsterinsights_sitenote_active":false,"_monsterinsights_sitenote_note":"","_monsterinsights_sitenote_category":0,"footnotes":""},"categories":[107,102],"tags":[289,288],"class_list":["post-3795","post","type-post","status-publish","format-standard","has-post-thumbnail","hentry","category-cultura","category-generales","tag-hay-festival","tag-hay-festival-cartagena"],"_links":{"self":[{"href":"https:\/\/cartagenaaldia.com\/index.php\/wp-json\/wp\/v2\/posts\/3795","targetHints":{"allow":["GET"]}}],"collection":[{"href":"https:\/\/cartagenaaldia.com\/index.php\/wp-json\/wp\/v2\/posts"}],"about":[{"href":"https:\/\/cartagenaaldia.com\/index.php\/wp-json\/wp\/v2\/types\/post"}],"author":[{"embeddable":true,"href":"https:\/\/cartagenaaldia.com\/index.php\/wp-json\/wp\/v2\/users\/2"}],"replies":[{"embeddable":true,"href":"https:\/\/cartagenaaldia.com\/index.php\/wp-json\/wp\/v2\/comments?post=3795"}],"version-history":[{"count":2,"href":"https:\/\/cartagenaaldia.com\/index.php\/wp-json\/wp\/v2\/posts\/3795\/revisions"}],"predecessor-version":[{"id":3801,"href":"https:\/\/cartagenaaldia.com\/index.php\/wp-json\/wp\/v2\/posts\/3795\/revisions\/3801"}],"wp:featuredmedia":[{"embeddable":true,"href":"https:\/\/cartagenaaldia.com\/index.php\/wp-json\/wp\/v2\/media\/3797"}],"wp:attachment":[{"href":"https:\/\/cartagenaaldia.com\/index.php\/wp-json\/wp\/v2\/media?parent=3795"}],"wp:term":[{"taxonomy":"category","embeddable":true,"href":"https:\/\/cartagenaaldia.com\/index.php\/wp-json\/wp\/v2\/categories?post=3795"},{"taxonomy":"post_tag","embeddable":true,"href":"https:\/\/cartagenaaldia.com\/index.php\/wp-json\/wp\/v2\/tags?post=3795"}],"curies":[{"name":"wp","href":"https:\/\/api.w.org\/{rel}","templated":true}]}}