{"id":3758,"date":"2023-08-19T16:45:15","date_gmt":"2023-08-19T16:45:15","guid":{"rendered":"https:\/\/cartagenaaldia.com\/?p=3758"},"modified":"2023-08-19T16:45:15","modified_gmt":"2023-08-19T16:45:15","slug":"los-juegos-nacionales-y-paranacionales-2023-estan-garantizados","status":"publish","type":"post","link":"https:\/\/cartagenaaldia.com\/index.php\/2023\/08\/19\/los-juegos-nacionales-y-paranacionales-2023-estan-garantizados\/","title":{"rendered":"Los Juegos Nacionales y Paranacionales 2023 est\u00e1n Garantizados"},"content":{"rendered":"\n<h5 class=\"wp-block-heading\"><strong>La ministra, Astrid Bibiana Rodr\u00edguez, cumpli\u00f3 con el control pol\u00edtico sobre el avance en la organizaci\u00f3n de los Juegos, en la Comisi\u00f3n S\u00e9ptima de la C\u00e1mara de Representantes.<\/strong><\/h5>\n\n\n\n<p><strong>Sala Redacci\u00f3n. &#8211;<\/strong> Con el paso del tiempo se disipan las dudas sobre la realizaci\u00f3n de los XXII Juegos Deportivos Nacionales y VI Juegos Paranacionales Eje Cafetero 2023. Astrid Bibiana Rodr\u00edguez, lo reafirm\u00f3, durante el control pol\u00edtico que se llev\u00f3 a cabo en la Comisi\u00f3n S\u00e9ptima de la C\u00e1mara de Representantes.<\/p>\n\n\n\n<p>Acompa\u00f1ada por el director de Posicionamiento y Liderazgo Deportivo, William Nieto, y el director de los Juegos Nacionales y Paranacionales, Baltazar Medina, la Ministra expuso el cronograma que han seguido desde el comit\u00e9 organizador para cumplirle al Eje Cafetero y al pa\u00eds con la realizaci\u00f3n del evento.<\/p>\n\n\n\n<p><br><br>De igual manera, present\u00f3 un informe general del avance de los Juegos Nacionales y Paranacionales 2023, desde su gesti\u00f3n, y los compromisos adquiridos para que el certamen multideportivo m\u00e1s importante del pa\u00eds se lleve a cabo dentro del cronograma establecido. Tambi\u00e9n, se enfoc\u00f3 en el legado que quieren dejar.<\/p>\n\n\n\n<p><br><br>La presentaci\u00f3n de la ministra tuvo el respaldo del director de los Juegos, Baltazar Medina. &#8220;Los Juegos est\u00e1n garantizados. Quiero destacar que el nivel de desarrollo deportivo, con los logros que estamos obteniendo, tiene como base los Juegos Nacionales y Paranacionales. Este evento motiva a los gobiernos locales a invertir en el deporte con el sue\u00f1o de que estos atletas representen, por lo alto, a sus departamentos a nivel nacional&#8221;, resalt\u00f3.<br><br>&#8220;Los Juegos son una realidad&#8221;, precis\u00f3 Mar\u00eda Eugenia Lopera, presidenta de la comisi\u00f3n s\u00e9ptima.&nbsp;&#8220;Ha quedado reflejado el trabajo que se ha realizado desde el comit\u00e9 para que este evento se lleve a cabo bajo el cronograma establecido&#8221;, a\u00f1adi\u00f3 Lopera, quien en conjunto con los representantes destacaron el compromiso que se ha demostrado desde el Ministerio del Deporte y el comit\u00e9 organizador de los Juegos para que el evento multideportivo m\u00e1s importante del pa\u00eds se lleve a cabo.<\/p>\n","protected":false},"excerpt":{"rendered":"<p>La ministra, Astrid Bibiana Rodr\u00edguez, cumpli\u00f3 con el control pol\u00edtico sobre el avance en la organizaci\u00f3n de los Juegos, en la Comisi\u00f3n S\u00e9ptima de la C\u00e1mara de Representantes.<\/p>\n","protected":false},"author":2,"featured_media":3759,"comment_status":"closed","ping_status":"closed","sticky":false,"template":"","format":"standard","meta":{"om_disable_all_campaigns":false,"_monsterinsights_skip_tracking":false,"_monsterinsights_sitenote_active":false,"_monsterinsights_sitenote_note":"","_monsterinsights_sitenote_category":0,"footnotes":""},"categories":[115,106,114,102],"tags":[283,117],"class_list":["post-3758","post","type-post","status-publish","format-standard","has-post-thumbnail","hentry","category-colombia","category-deporte","category-entretenimiento","category-generales","tag-juegos-nacionales-2023","tag-mindeporte"],"_links":{"self":[{"href":"https:\/\/cartagenaaldia.com\/index.php\/wp-json\/wp\/v2\/posts\/3758","targetHints":{"allow":["GET"]}}],"collection":[{"href":"https:\/\/cartagenaaldia.com\/index.php\/wp-json\/wp\/v2\/posts"}],"about":[{"href":"https:\/\/cartagenaaldia.com\/index.php\/wp-json\/wp\/v2\/types\/post"}],"author":[{"embeddable":true,"href":"https:\/\/cartagenaaldia.com\/index.php\/wp-json\/wp\/v2\/users\/2"}],"replies":[{"embeddable":true,"href":"https:\/\/cartagenaaldia.com\/index.php\/wp-json\/wp\/v2\/comments?post=3758"}],"version-history":[{"count":1,"href":"https:\/\/cartagenaaldia.com\/index.php\/wp-json\/wp\/v2\/posts\/3758\/revisions"}],"predecessor-version":[{"id":3760,"href":"https:\/\/cartagenaaldia.com\/index.php\/wp-json\/wp\/v2\/posts\/3758\/revisions\/3760"}],"wp:featuredmedia":[{"embeddable":true,"href":"https:\/\/cartagenaaldia.com\/index.php\/wp-json\/wp\/v2\/media\/3759"}],"wp:attachment":[{"href":"https:\/\/cartagenaaldia.com\/index.php\/wp-json\/wp\/v2\/media?parent=3758"}],"wp:term":[{"taxonomy":"category","embeddable":true,"href":"https:\/\/cartagenaaldia.com\/index.php\/wp-json\/wp\/v2\/categories?post=3758"},{"taxonomy":"post_tag","embeddable":true,"href":"https:\/\/cartagenaaldia.com\/index.php\/wp-json\/wp\/v2\/tags?post=3758"}],"curies":[{"name":"wp","href":"https:\/\/api.w.org\/{rel}","templated":true}]}}