{"id":3728,"date":"2023-08-05T15:37:27","date_gmt":"2023-08-05T15:37:27","guid":{"rendered":"https:\/\/cartagenaaldia.com\/?p=3728"},"modified":"2023-08-05T15:37:28","modified_gmt":"2023-08-05T15:37:28","slug":"pes-pedro-romero-en-el-libertador","status":"publish","type":"post","link":"https:\/\/cartagenaaldia.com\/index.php\/2023\/08\/05\/pes-pedro-romero-en-el-libertador\/","title":{"rendered":"PES Pedro Romero en El Libertador"},"content":{"rendered":"\n<h5 class=\"wp-block-heading\">Con servicios institucionales, PES- Pedro Romero atendi\u00f3 a m\u00e1s de 600 personas de El Libertador y sectores aleda\u00f1os.<\/h5>\n\n\n\n<p>Sala Redacci\u00f3n. &#8211; Con m\u00e1s de 30 servicios, tr\u00e1mites y oportunidades, fueron atendidos 601 personas de El Libertador y sectores aleda\u00f1os, quienes se beneficiaron de una jornada de atenci\u00f3n integral.\u00a0<\/p>\n\n\n\n<p>\u201cLos asistentes recibieron informaci\u00f3n de primera mano sobre ofertas de educaci\u00f3n superior, permisos de permanencia, definici\u00f3n de situaci\u00f3n militar, empleabilidad y afiliaci\u00f3n a EPS. Adem\u00e1s, se ofrecieron servicios de salud oral para ni\u00f1os, vacunaci\u00f3n Covid-19 y esquema regular, promoci\u00f3n y prevenci\u00f3n en salud sexual y reproductiva, entre otros\u201d, asegur\u00f3 Delly de La Rosa, directora del PES &#8211; Pedro Romero. <\/p>\n\n\n\n<p>As\u00ed mismo, funcionarios del Sisb\u00e9n recibieron los documentos para las nuevas encuestas y revisi\u00f3n de categor\u00edas D y C, y respondieron las\u00a0inquietudes de todos los ciudadanos.\u00a0<\/p>\n\n\n\n<p>Por su parte, Jair Ochoa, presidente de la JAC, enfatiz\u00f3 que, \u201ces muy importante que el PES est\u00e9 ac\u00e1, porque se est\u00e1n beneficiando todos los barrios de la zona de influencia de Mamonal, facilit\u00e1ndoles el acceso a servicios en diversas \u00e1reas. La acogida ha sido muy satisfactoria\u201d. <\/p>\n\n\n\n<p>Esta jornada de atenci\u00f3n integral cont\u00f3 con el apoyo del Movimiento Popular Para la Renovaci\u00f3n e Inclusi\u00f3n Social (Mopris), y su prop\u00f3sito fue brindar orientaci\u00f3n e informaci\u00f3n a los ciudadanos sobre los diferentes servicios y tr\u00e1mites que tiene la Alcald\u00eda de Cartagena, desde el PES- Pedro Romero, y sus aliados p\u00fablicos y privados.\u00a0<\/p>\n\n\n\n<p>Participaron m\u00e1s de 30 entidades, entre ellas Acuacar, ESE Hospital Local Cartagena de Indias, Renta Ciudadana, Corvivienda, PRO- OIM, Casa de Justicia de Chiquinquir\u00e1, DADIS, IDER, Oficina de Transparencia y Secretar\u00eda de Participaci\u00f3n Ciudadana.<\/p>\n","protected":false},"excerpt":{"rendered":"<p>Con servicios institucionales, PES- Pedro Romero atendi\u00f3 a m\u00e1s de 600 personas de El Libertador y sectores aleda\u00f1os<\/p>\n","protected":false},"author":2,"featured_media":3729,"comment_status":"closed","ping_status":"closed","sticky":false,"template":"","format":"standard","meta":{"om_disable_all_campaigns":false,"_monsterinsights_skip_tracking":false,"_monsterinsights_sitenote_active":false,"_monsterinsights_sitenote_note":"","_monsterinsights_sitenote_category":0,"footnotes":""},"categories":[102],"tags":[276],"class_list":["post-3728","post","type-post","status-publish","format-standard","has-post-thumbnail","hentry","category-generales","tag-pes-pedro-romero"],"_links":{"self":[{"href":"https:\/\/cartagenaaldia.com\/index.php\/wp-json\/wp\/v2\/posts\/3728","targetHints":{"allow":["GET"]}}],"collection":[{"href":"https:\/\/cartagenaaldia.com\/index.php\/wp-json\/wp\/v2\/posts"}],"about":[{"href":"https:\/\/cartagenaaldia.com\/index.php\/wp-json\/wp\/v2\/types\/post"}],"author":[{"embeddable":true,"href":"https:\/\/cartagenaaldia.com\/index.php\/wp-json\/wp\/v2\/users\/2"}],"replies":[{"embeddable":true,"href":"https:\/\/cartagenaaldia.com\/index.php\/wp-json\/wp\/v2\/comments?post=3728"}],"version-history":[{"count":1,"href":"https:\/\/cartagenaaldia.com\/index.php\/wp-json\/wp\/v2\/posts\/3728\/revisions"}],"predecessor-version":[{"id":3730,"href":"https:\/\/cartagenaaldia.com\/index.php\/wp-json\/wp\/v2\/posts\/3728\/revisions\/3730"}],"wp:featuredmedia":[{"embeddable":true,"href":"https:\/\/cartagenaaldia.com\/index.php\/wp-json\/wp\/v2\/media\/3729"}],"wp:attachment":[{"href":"https:\/\/cartagenaaldia.com\/index.php\/wp-json\/wp\/v2\/media?parent=3728"}],"wp:term":[{"taxonomy":"category","embeddable":true,"href":"https:\/\/cartagenaaldia.com\/index.php\/wp-json\/wp\/v2\/categories?post=3728"},{"taxonomy":"post_tag","embeddable":true,"href":"https:\/\/cartagenaaldia.com\/index.php\/wp-json\/wp\/v2\/tags?post=3728"}],"curies":[{"name":"wp","href":"https:\/\/api.w.org\/{rel}","templated":true}]}}