{"id":3722,"date":"2023-08-04T22:03:49","date_gmt":"2023-08-04T22:03:49","guid":{"rendered":"https:\/\/cartagenaaldia.com\/?p=3722"},"modified":"2023-08-04T22:03:50","modified_gmt":"2023-08-04T22:03:50","slug":"programacion-de-mantenimiento-electrico-de-afinia","status":"publish","type":"post","link":"https:\/\/cartagenaaldia.com\/index.php\/2023\/08\/04\/programacion-de-mantenimiento-electrico-de-afinia\/","title":{"rendered":"Programaci\u00f3n de mantenimiento el\u00e9ctrico de Afinia"},"content":{"rendered":"\n<h5 class=\"wp-block-heading\"><strong>Afinia contin\u00faa ejecutando obras para fortificando el servicio el\u00e9ctrico en Bol\u00edvar y Sur del Magdalena\u00a0 del 7 al 9 de agosto 2023.<\/strong><\/h5>\n\n\n\n<p><strong>Sala Redacci\u00f3n. &#8211; <\/strong>Afinia, filial del Grupo EPM, tiene como objetivo prioritario llevar energ\u00eda de calidad a los habitantes de los 134 municipios donde opera y, en l\u00ednea con este prop\u00f3sito, la empresa desarrollar\u00e1 actividades en estos departamentos, agradeciendo de antemano la comprensi\u00f3n y apoyo de las comunidades de los siguientes sectores donde se interrumpir\u00e1 el servicio para ejecutar las labores de optimizaci\u00f3n:<\/p>\n\n\n\n<p><strong>Lunes 7 de agosto<\/strong><\/p>\n\n\n\n<p>\u2022&nbsp;&nbsp;&nbsp;&nbsp;&nbsp;&nbsp;&nbsp; Cartagena: siguiendo con el proyecto de renovaci\u00f3n de equipos que cumplieron su vida \u00fatil es necesario interrumpir el fluido el\u00e9ctrico entre las 7:50 a.m. y las 5:00 p.m., desde la Calle 6 entre Carreras 6 y 14 del barrio Castillogrande.<\/p>\n\n\n\n<p>El equipo t\u00e9cnico continuar\u00e1 con los trabajos de remodelaci\u00f3n de la infraestructura el\u00e9ctrica del circuito Ternera 14 entre las 6:50 a.m. y las 5:00 p.m., tiempo en el que se suspender\u00e1 el fluido el\u00e9ctrico a los clientes ubicados entre la Carrera 83 con Calle 25 del barrio San Fernando, sector Berl\u00edn.<\/p>\n\n\n\n<p><strong>Martes 8 de agosto<\/strong><\/p>\n\n\n\n<p>\u2022&nbsp;&nbsp;&nbsp;&nbsp;&nbsp;&nbsp;&nbsp; Cartagena: Instalaremos nuevos postes y redes en el centro hist\u00f3rico desde las 7:00 a.m. hasta las 6:00 p.m. por motivos de seguridad se interrumpir\u00e1 el servicio desde la calle 32 (avenida Daniel Lemaitre) hasta la Calle 36 (avenida Venezuela) entre las Carreras 8 y 10.<\/p>\n\n\n\n<p>\u2022&nbsp;&nbsp;&nbsp;&nbsp;&nbsp;&nbsp;&nbsp; El Carmen de Bol\u00edvar: para ejecutar mejoras en el circuito El Carmen 1 se interrumpir\u00e1 el servicio de 7:30 a.m. a 3:00 p.m. en sectores aleda\u00f1os a la v\u00eda El Carmen-Zambrano.<\/p>\n\n\n\n<p>\u2022&nbsp;&nbsp;&nbsp;&nbsp;&nbsp;&nbsp;&nbsp; Magangu\u00e9: a toda marcha continuar\u00e1n los trabajos de normalizaci\u00f3n de las redes de distribuci\u00f3n del barrio San Juan Bosco por lo que es necesaria la suspensi\u00f3n del servicio de 7:00 a.m. a 4:00 p.m., entre la Carrera 10 con Calle 21\u00aa.<\/p>\n\n\n\n<p><strong>Mi\u00e9rcoles 9 de agosto<\/strong><\/p>\n\n\n\n<p>Cartagena: de 7:00 a.m. a 5:00 p.m. brigadas de Afinia estar\u00e1n en el barrio Cerros de Albornoz, sector Nueva Israel, realizando instalaci\u00f3n de nuevos postes y redes de distribuci\u00f3n de media y baja tensi\u00f3n.<\/p>\n\n\n\n<p>\u2022&nbsp;&nbsp;&nbsp;&nbsp;&nbsp;&nbsp;&nbsp; El Carmen de Bol\u00edvar: para seguir optimizando la infraestructura de el\u00e9ctrica en este municipio, en el horario establecido de 7:50 a.m. a 5:30 p.m., se suspender\u00e1 el fluido el\u00e9ctrico en la v\u00eda El Carmen-San Jacinto, sectores aleda\u00f1os a la vereda Altamira, Mala Noche, Gambotico, Lacesta, Buena Noche y Rancho Azul. Adem\u00e1s, se instalar\u00e1n nuevos postes en el sector El Cerro.<\/p>\n\n\n\n<p>\u2022&nbsp;&nbsp;&nbsp;&nbsp;&nbsp;&nbsp;&nbsp; Margarita \u2013 San Fernando: de 8:00 a.m. a 4:00 p.m., avanzar\u00e1 la renovaci\u00f3n de postes del circuito San Sebasti\u00e1n, que alimenta a las poblaciones de San Fernando: Guasimal, El Porvenir, El Palmar, Santa Rosa, Cuatro Bocas. Margarita: Los Mangos, Corocito, Mamoncito, El Barranco y Guataquita. Mompox: Guataca y sectores aleda\u00f1os a la v\u00eda Guataca-Guataquita.<\/p>\n\n\n\n<p>\u2022&nbsp;&nbsp;&nbsp;&nbsp;&nbsp;&nbsp;&nbsp; Piji\u00f1o del Carmen (Magdalena): en el corregimiento de Cabrera, Carrera 5 con Calle 4, seguiremos adelantando la remodelaci\u00f3n de la infraestructura el\u00e9ctrica entre las 8:00 de la ma\u00f1ana hasta las 5:00 de la tarde.<\/p>\n\n\n\n<p>Afinia recuerda que los canales de atenci\u00f3n est\u00e1n disponibles para atender las solicitudes de sus usuarios: la L\u00ednea Afinia 115 para reportes de fallas en el servicio y las l\u00edneas 605 650 21 20 o 01 8000 919191 para asuntos comerciales; de igual forma pone a disposici\u00f3n de los usuarios la oficina virtual y el centro de atenci\u00f3n virtual en www.afinia.com.co y la aplicaci\u00f3n para dispositivos m\u00f3viles Afiniapp.<\/p>\n","protected":false},"excerpt":{"rendered":"<p>Afinia contin\u00faa ejecutando obras para fortificando el servicio el\u00e9ctrico en Bol\u00edvar y Sur del Magdalena  del 7 al 9 de agosto 2023.<\/p>\n","protected":false},"author":2,"featured_media":3723,"comment_status":"closed","ping_status":"closed","sticky":false,"template":"","format":"standard","meta":{"om_disable_all_campaigns":false,"_monsterinsights_skip_tracking":false,"_monsterinsights_sitenote_active":false,"_monsterinsights_sitenote_note":"","_monsterinsights_sitenote_category":0,"footnotes":""},"categories":[110,102],"tags":[217],"class_list":["post-3722","post","type-post","status-publish","format-standard","has-post-thumbnail","hentry","category-bolivar","category-generales","tag-afinia"],"_links":{"self":[{"href":"https:\/\/cartagenaaldia.com\/index.php\/wp-json\/wp\/v2\/posts\/3722","targetHints":{"allow":["GET"]}}],"collection":[{"href":"https:\/\/cartagenaaldia.com\/index.php\/wp-json\/wp\/v2\/posts"}],"about":[{"href":"https:\/\/cartagenaaldia.com\/index.php\/wp-json\/wp\/v2\/types\/post"}],"author":[{"embeddable":true,"href":"https:\/\/cartagenaaldia.com\/index.php\/wp-json\/wp\/v2\/users\/2"}],"replies":[{"embeddable":true,"href":"https:\/\/cartagenaaldia.com\/index.php\/wp-json\/wp\/v2\/comments?post=3722"}],"version-history":[{"count":1,"href":"https:\/\/cartagenaaldia.com\/index.php\/wp-json\/wp\/v2\/posts\/3722\/revisions"}],"predecessor-version":[{"id":3724,"href":"https:\/\/cartagenaaldia.com\/index.php\/wp-json\/wp\/v2\/posts\/3722\/revisions\/3724"}],"wp:featuredmedia":[{"embeddable":true,"href":"https:\/\/cartagenaaldia.com\/index.php\/wp-json\/wp\/v2\/media\/3723"}],"wp:attachment":[{"href":"https:\/\/cartagenaaldia.com\/index.php\/wp-json\/wp\/v2\/media?parent=3722"}],"wp:term":[{"taxonomy":"category","embeddable":true,"href":"https:\/\/cartagenaaldia.com\/index.php\/wp-json\/wp\/v2\/categories?post=3722"},{"taxonomy":"post_tag","embeddable":true,"href":"https:\/\/cartagenaaldia.com\/index.php\/wp-json\/wp\/v2\/tags?post=3722"}],"curies":[{"name":"wp","href":"https:\/\/api.w.org\/{rel}","templated":true}]}}