{"id":3709,"date":"2023-08-04T17:06:39","date_gmt":"2023-08-04T17:06:39","guid":{"rendered":"https:\/\/cartagenaaldia.com\/?p=3709"},"modified":"2023-08-04T17:06:40","modified_gmt":"2023-08-04T17:06:40","slug":"gobierno-continuara-sin-distracciones","status":"publish","type":"post","link":"https:\/\/cartagenaaldia.com\/index.php\/2023\/08\/04\/gobierno-continuara-sin-distracciones\/","title":{"rendered":"Gobierno continuar\u00e1 sin distracciones"},"content":{"rendered":"\n<h5 class=\"wp-block-heading\"><strong>El Presidente de la Rep\u00fablica de Colombia Gustavo Petro en Comunicado a la opini\u00f3n p\u00fablica dijo que su Gobierno contin\u00faa sin distracciones.<\/strong><\/h5>\n\n\n\n<p>Ante el esc\u00e1ndalo que sacude a la familia Petro en cabeza del hijo mayor del Presidente Gustavo Petro; este a dicho mediante una comunicaci\u00f3n p\u00fablica que su mandato constitucional no se detiene y que ser\u00e1n los jueces en sus diferentes competencias quienes definan jur\u00eddicamente lo que corresponda. <\/p>\n\n\n\n<p>Por lo pronto, el Presidente de la Rep\u00fablica otorg\u00f3 poder al conjuez de la Sala de Casaci\u00f3n Penal de la Corte Suprema de Justicia, Mauricio Pava, para que lo represente.<\/p>\n\n\n\n<figure class=\"wp-block-image size-large\"><img fetchpriority=\"high\" decoding=\"async\" width=\"1024\" height=\"1024\" src=\"https:\/\/cartagenaaldia.com\/wp-content\/uploads\/2023\/08\/Gobierno-continuara-sin-distracciones-2-1024x1024.jpg\" alt=\"\" class=\"wp-image-3711\"\/><\/figure>\n","protected":false},"excerpt":{"rendered":"<p>El Presidente de la Rep\u00fablica de Colombia Gustavo Petro en Comunicado a la opini\u00f3n p\u00fablica dijo que su Gobierno contin\u00faa sin distracciones.<\/p>\n","protected":false},"author":2,"featured_media":3710,"comment_status":"closed","ping_status":"closed","sticky":false,"template":"","format":"standard","meta":{"om_disable_all_campaigns":false,"_monsterinsights_skip_tracking":false,"_monsterinsights_sitenote_active":false,"_monsterinsights_sitenote_note":"","_monsterinsights_sitenote_category":0,"footnotes":""},"categories":[115,102,111,105],"tags":[274,271,273],"class_list":["post-3709","post","type-post","status-publish","format-standard","has-post-thumbnail","hentry","category-colombia","category-generales","category-justicia","category-politica","tag-colombia-potencia-de-vida","tag-gustavo-petro","tag-presidencia-de-la-republica"],"_links":{"self":[{"href":"https:\/\/cartagenaaldia.com\/index.php\/wp-json\/wp\/v2\/posts\/3709","targetHints":{"allow":["GET"]}}],"collection":[{"href":"https:\/\/cartagenaaldia.com\/index.php\/wp-json\/wp\/v2\/posts"}],"about":[{"href":"https:\/\/cartagenaaldia.com\/index.php\/wp-json\/wp\/v2\/types\/post"}],"author":[{"embeddable":true,"href":"https:\/\/cartagenaaldia.com\/index.php\/wp-json\/wp\/v2\/users\/2"}],"replies":[{"embeddable":true,"href":"https:\/\/cartagenaaldia.com\/index.php\/wp-json\/wp\/v2\/comments?post=3709"}],"version-history":[{"count":1,"href":"https:\/\/cartagenaaldia.com\/index.php\/wp-json\/wp\/v2\/posts\/3709\/revisions"}],"predecessor-version":[{"id":3712,"href":"https:\/\/cartagenaaldia.com\/index.php\/wp-json\/wp\/v2\/posts\/3709\/revisions\/3712"}],"wp:featuredmedia":[{"embeddable":true,"href":"https:\/\/cartagenaaldia.com\/index.php\/wp-json\/wp\/v2\/media\/3710"}],"wp:attachment":[{"href":"https:\/\/cartagenaaldia.com\/index.php\/wp-json\/wp\/v2\/media?parent=3709"}],"wp:term":[{"taxonomy":"category","embeddable":true,"href":"https:\/\/cartagenaaldia.com\/index.php\/wp-json\/wp\/v2\/categories?post=3709"},{"taxonomy":"post_tag","embeddable":true,"href":"https:\/\/cartagenaaldia.com\/index.php\/wp-json\/wp\/v2\/tags?post=3709"}],"curies":[{"name":"wp","href":"https:\/\/api.w.org\/{rel}","templated":true}]}}