{"id":3696,"date":"2023-08-04T15:54:32","date_gmt":"2023-08-04T15:54:32","guid":{"rendered":"https:\/\/cartagenaaldia.com\/?p=3696"},"modified":"2023-08-04T15:54:33","modified_gmt":"2023-08-04T15:54:33","slug":"hallan-restos-de-jose-manuel-caballero-rodelo-desaparecido-forzadamente","status":"publish","type":"post","link":"https:\/\/cartagenaaldia.com\/index.php\/2023\/08\/04\/hallan-restos-de-jose-manuel-caballero-rodelo-desaparecido-forzadamente\/","title":{"rendered":"Hallan restos de Jos\u00e9 Manuel Caballero Rodelo desaparecido forzadamente"},"content":{"rendered":"\n<h5 class=\"wp-block-heading\"><strong>La Unidad de B\u00fasqueda de Personas dadas por Desaparecidas (UBPD) entrega de manera digna el cuerpo de Jos\u00e9 Manuel Caballero Rodelo, joven v\u00edctima de desaparici\u00f3n forzada en Guaranda (Sucre).<\/strong><\/h5>\n\n\n\n<p><strong>Sala Redacci\u00f3n \u2013<\/strong> Desaparecido hace 15 a\u00f1o (2008) Jos\u00e9 Manuel Caballero Rodelo quien a la fecha contaba con 23 a\u00f1os de edad; hoy la Unidad de B\u00fasqueda de Personas dadas por Desaparecidas (UBPD), entrega de manera digna los resto a su familia quienes persistieron en la b\u00fasqueda de su ser querido v\u00edctima de desaparici\u00f3n forzada en Guaranda (Sucre).<\/p>\n\n\n\n<p><strong>La tr\u00e1gica historia de Jos\u00e9 Manuel<\/strong><\/p>\n\n\n\n<p>la A inicios de abril de 2008, en el municipio de Guaranda (Sucre), Jos\u00e9 Manuel Caballero Rodelo fue v\u00edctima de desaparici\u00f3n forzada; recibi\u00f3 una oferta de trabajo para actividades mineras que lo llev\u00f3 hasta el municipio de Puerto Berr\u00edo (Antioquia), donde fue desaparecido y presentado ileg\u00edtimamente como baja en combate.<\/p>\n\n\n\n<p>Jos\u00e9 Manuel naci\u00f3 el 20 de julio de 1984 en Guaranda y vivi\u00f3 su infancia con sus abuelos en zona rural de ese municipio. A los 22 a\u00f1os descubri\u00f3 el oficio de DJ (disc-jockey), que desarrollaba en varios establecimientos nocturnos del pueblo.<\/p>\n\n\n\n<p>Mientras trabajaba en uno de estos, una mujer conocida le coment\u00f3 a \u00e9l y a un pariente sobre la oferta para laborar en minas de Nech\u00ed (Antioquia), y dadas las necesidades econ\u00f3micas, acept\u00f3. El 4 de abril de 2008 se encontraron con ella y ese fue el \u00faltimo d\u00eda en que sus familiares lo vieron.<\/p>\n\n\n\n<p>Jos\u00e9 Manuel nunca hab\u00eda trabajado en miner\u00eda y tampoco hab\u00eda salido a pueblos cercanos como Majagual y Ach\u00ed.<\/p>\n\n\n\n<p>El s\u00e1bado, 5 de abril de 2008, sus familiares lo llamaron por tel\u00e9fono y les comunic\u00f3 que estaba departiendo en un sitio que desconoc\u00eda. El 6 de abril intentaron comunicarse nuevamente, pero no respondi\u00f3.<\/p>\n\n\n\n<p>Su familia volvi\u00f3 a tener noticias de \u00e9l d\u00edas despu\u00e9s, por informaci\u00f3n que lleg\u00f3 a la Personer\u00eda de Guaranda, seg\u00fan la cual hab\u00eda sido reportado como baja en combate el 6 de abril de 2008 en la vereda El Vergel, municipio de Puerto Berr\u00edo (Antioquia), por miembros del Ej\u00e9rcito. Sus parientes no pudieron trasladarse a reconocer el cuerpo, por lo cual fue inhumado en el pabell\u00f3n de caridad del cementerio local La Dolorosa, donde permaneci\u00f3 como no identificado.<\/p>\n\n\n\n<p><strong>La b\u00fasqueda de una familia.<\/strong><\/p>\n\n\n\n<p>La desaparici\u00f3n de Jos\u00e9 Manuel ha sumido en un ciclo de dolor durante 15 a\u00f1os a su familia, que persisti\u00f3 en la b\u00fasqueda ante diferentes entidades para encontrarlo. Este 4 de agosto, esa b\u00fasqueda concluye con la entrega digna del cuerpo del joven en su tierra natal.<\/p>\n\n\n\n<p>\u201cMi hermano era una persona humilde, no se met\u00eda con nadie, era trabajador. El pueblo sabe que \u00e9l no particip\u00f3 en grupos al margen de la ley. Es mentira que supiera de armamentos y eso. Era una persona honesta, sincera y trabajadora. Por ser tan servicial y por falta de trabajo, acept\u00f3 esa oferta por fuera, sin pensar que ser\u00edan sus \u00faltimos d\u00edas en este mundo. Dejo un mensaje al pa\u00eds: no saben cu\u00e1ntas familias est\u00e1n sufriendo por esos \u2018falsos positivos\u2019\u201d, coment\u00f3 Adonais Caballero.<\/p>\n\n\n\n<p><strong>La UBPD trabaja por la Paz y Reparaci\u00f3n Integral de las Victimas<\/strong><\/p>\n\n\n\n<p>El cuerpo de Jos\u00e9 Manuel fue recuperado como parte de una intervenci\u00f3n de la Unidad de B\u00fasqueda de Personas dadas por Desaparecidas (UBPD) en el cementerio La Dolorosa, donde fueron recuperados otros 115 cuerpos. Esta intervenci\u00f3n se realiz\u00f3 en el marco de la medida cautelar decretada por la Jurisdicci\u00f3n Especial para la Paz (JEP) que protegi\u00f3 dicho cementerio a solicitud del Movimiento Nacional de V\u00edctimas de Cr\u00edmenes de Estado (Movice).<\/p>\n\n\n\n<p>La UBPD impuls\u00f3 el proceso de identificaci\u00f3n a partir de las muestras gen\u00e9ticas tomadas a los familiares de Jos\u00e9 Manuel que luego fueron enviadas al Instituto Nacional de Medicina Legal y Ciencias Forenses para lograr su identificaci\u00f3n plena.<\/p>\n\n\n\n<p>Con esta entrega digna, la UBPD avanza en la implementaci\u00f3n del Plan Regional de B\u00fasqueda Sabanas, Mojana y San Jorge, que tiene un universo de 706 personas dadas por desaparecidas, y es uno de los tres planes en marcha desde la sede territorial Sincelejo, que atiende los departamentos de Sucre y Bol\u00edvar.<\/p>\n\n\n\n<p>Para este acto de entrega, se articularon acciones de las entidades del Sistema Integral para la Paz (UBPD y JEP) y se cont\u00f3 con el apoyo de la Unidad para la Atenci\u00f3n y Reparaci\u00f3n Integral a las V\u00edctimas. Esta \u00faltima brind\u00f3 a la familia de Jos\u00e9 Manuel acompa\u00f1amiento psicosocial y orientaci\u00f3n en la ruta de valoraci\u00f3n y registro.<\/p>\n","protected":false},"excerpt":{"rendered":"<p>La Unidad de B\u00fasqueda de Personas dadas por Desaparecidas (UBPD) entrega de manera digna el cuerpo de Jos\u00e9 Manuel Caballero Rodelo, joven v\u00edctima de desaparici\u00f3n forzada en Guaranda (Sucre).<\/p>\n","protected":false},"author":2,"featured_media":3697,"comment_status":"closed","ping_status":"closed","sticky":false,"template":"","format":"standard","meta":{"om_disable_all_campaigns":false,"_monsterinsights_skip_tracking":false,"_monsterinsights_sitenote_active":false,"_monsterinsights_sitenote_note":"","_monsterinsights_sitenote_category":0,"footnotes":""},"categories":[115,102,111],"tags":[269],"class_list":["post-3696","post","type-post","status-publish","format-standard","has-post-thumbnail","hentry","category-colombia","category-generales","category-justicia","tag-ubpd"],"_links":{"self":[{"href":"https:\/\/cartagenaaldia.com\/index.php\/wp-json\/wp\/v2\/posts\/3696","targetHints":{"allow":["GET"]}}],"collection":[{"href":"https:\/\/cartagenaaldia.com\/index.php\/wp-json\/wp\/v2\/posts"}],"about":[{"href":"https:\/\/cartagenaaldia.com\/index.php\/wp-json\/wp\/v2\/types\/post"}],"author":[{"embeddable":true,"href":"https:\/\/cartagenaaldia.com\/index.php\/wp-json\/wp\/v2\/users\/2"}],"replies":[{"embeddable":true,"href":"https:\/\/cartagenaaldia.com\/index.php\/wp-json\/wp\/v2\/comments?post=3696"}],"version-history":[{"count":1,"href":"https:\/\/cartagenaaldia.com\/index.php\/wp-json\/wp\/v2\/posts\/3696\/revisions"}],"predecessor-version":[{"id":3698,"href":"https:\/\/cartagenaaldia.com\/index.php\/wp-json\/wp\/v2\/posts\/3696\/revisions\/3698"}],"wp:featuredmedia":[{"embeddable":true,"href":"https:\/\/cartagenaaldia.com\/index.php\/wp-json\/wp\/v2\/media\/3697"}],"wp:attachment":[{"href":"https:\/\/cartagenaaldia.com\/index.php\/wp-json\/wp\/v2\/media?parent=3696"}],"wp:term":[{"taxonomy":"category","embeddable":true,"href":"https:\/\/cartagenaaldia.com\/index.php\/wp-json\/wp\/v2\/categories?post=3696"},{"taxonomy":"post_tag","embeddable":true,"href":"https:\/\/cartagenaaldia.com\/index.php\/wp-json\/wp\/v2\/tags?post=3696"}],"curies":[{"name":"wp","href":"https:\/\/api.w.org\/{rel}","templated":true}]}}