{"id":3680,"date":"2023-08-03T15:49:26","date_gmt":"2023-08-03T15:49:26","guid":{"rendered":"https:\/\/cartagenaaldia.com\/?p=3680"},"modified":"2023-08-03T15:51:55","modified_gmt":"2023-08-03T15:51:55","slug":"dile-no-a-la-caza-de-fauna-silvestre","status":"publish","type":"post","link":"https:\/\/cartagenaaldia.com\/index.php\/2023\/08\/03\/dile-no-a-la-caza-de-fauna-silvestre\/","title":{"rendered":"Dile no a la caza de fauna silvestre"},"content":{"rendered":"\n<h5 class=\"wp-block-heading\"><strong>Cardique lidera esfuerzos contra la caza ilegal de fauna silvestre en los Montes de Mar\u00eda con el acompa\u00f1amiento de la Infanter\u00eda de Marina.<\/strong><\/h5>\n\n\n\n<p><strong>Sala Redacci\u00f3n. &#8211;<\/strong> En un esfuerzo conjunto, Cardique encabeza una iniciativa interdisciplinaria en colaboraci\u00f3n con la Infanter\u00eda de Marina, Polic\u00eda Ambiental y Guardia Ambiental, realizando operativos destinados a combatir la caza ilegal de fauna silvestre en la regi\u00f3n de los Montes de Mar\u00eda.<\/p>\n\n\n\n<p>&#8220;La caza ilegal de fauna silvestre constituye tanto una infracci\u00f3n ambiental como un delito penal. A trav\u00e9s de estos operativos, nuestro objetivo es concientizar y educar a quienes practican esta actividad, ya que causa da\u00f1os irreparables a la biodiversidad. El uso o aprovechamiento de la fauna silvestre debe contar con los permisos correspondientes de la autoridad ambiental&#8221;, destac\u00f3 \u00c1ngelo Bacci, director de Cardique.<\/p>\n\n\n\n<p>Estas intervenciones se desarrollan en Los Montes de Mar\u00eda, donde se han recibido denuncias del creciente aumento de esta pr\u00e1ctica ilegal.<\/p>\n\n\n\n<p>&#8220;Hacemos un llamado a la comunidad en general para que se abstenga de comprar, traficar o consumir carne de especies de fauna silvestre, tales como conejo, guartinaja, za\u00edno, venado, armadillo, ponche, entre otras. Muchas de estas especies se encuentran en categor\u00eda de amenaza y cumplen una funci\u00f3n crucial en el equilibrio de los ecosistemas&#8221;, enfatiz\u00f3 Luis P\u00e9rez Barrios, profesional especializado de Cardique.<\/p>\n\n\n\n<p>Con estos esfuerzos conjuntos, se espera lograr un impacto significativo en la protecci\u00f3n de la fauna silvestre y la conservaci\u00f3n de la riqueza natural de la regi\u00f3n.<\/p>\n\n\n\n<figure class=\"wp-block-image size-large\"><img fetchpriority=\"high\" decoding=\"async\" width=\"1024\" height=\"768\" src=\"https:\/\/cartagenaaldia.com\/wp-content\/uploads\/2023\/08\/Dile-no-a-la-caza-de-fauna-silvestre-2-1024x768.jpg\" alt=\"\" class=\"wp-image-3682\"\/><\/figure>\n","protected":false},"excerpt":{"rendered":"<p>Cardique lidera esfuerzos contra la caza ilegal de fauna silvestre en los Montes de Mar\u00eda con el acompa\u00f1amiento de la Infanter\u00eda de Marina.<\/p>\n","protected":false},"author":2,"featured_media":3681,"comment_status":"closed","ping_status":"closed","sticky":false,"template":"","format":"standard","meta":{"om_disable_all_campaigns":false,"_monsterinsights_skip_tracking":false,"_monsterinsights_sitenote_active":false,"_monsterinsights_sitenote_note":"","_monsterinsights_sitenote_category":0,"footnotes":""},"categories":[110,102],"tags":[134],"class_list":["post-3680","post","type-post","status-publish","format-standard","has-post-thumbnail","hentry","category-bolivar","category-generales","tag-cardique"],"_links":{"self":[{"href":"https:\/\/cartagenaaldia.com\/index.php\/wp-json\/wp\/v2\/posts\/3680","targetHints":{"allow":["GET"]}}],"collection":[{"href":"https:\/\/cartagenaaldia.com\/index.php\/wp-json\/wp\/v2\/posts"}],"about":[{"href":"https:\/\/cartagenaaldia.com\/index.php\/wp-json\/wp\/v2\/types\/post"}],"author":[{"embeddable":true,"href":"https:\/\/cartagenaaldia.com\/index.php\/wp-json\/wp\/v2\/users\/2"}],"replies":[{"embeddable":true,"href":"https:\/\/cartagenaaldia.com\/index.php\/wp-json\/wp\/v2\/comments?post=3680"}],"version-history":[{"count":1,"href":"https:\/\/cartagenaaldia.com\/index.php\/wp-json\/wp\/v2\/posts\/3680\/revisions"}],"predecessor-version":[{"id":3683,"href":"https:\/\/cartagenaaldia.com\/index.php\/wp-json\/wp\/v2\/posts\/3680\/revisions\/3683"}],"wp:featuredmedia":[{"embeddable":true,"href":"https:\/\/cartagenaaldia.com\/index.php\/wp-json\/wp\/v2\/media\/3681"}],"wp:attachment":[{"href":"https:\/\/cartagenaaldia.com\/index.php\/wp-json\/wp\/v2\/media?parent=3680"}],"wp:term":[{"taxonomy":"category","embeddable":true,"href":"https:\/\/cartagenaaldia.com\/index.php\/wp-json\/wp\/v2\/categories?post=3680"},{"taxonomy":"post_tag","embeddable":true,"href":"https:\/\/cartagenaaldia.com\/index.php\/wp-json\/wp\/v2\/tags?post=3680"}],"curies":[{"name":"wp","href":"https:\/\/api.w.org\/{rel}","templated":true}]}}