{"id":3561,"date":"2023-07-19T15:44:21","date_gmt":"2023-07-19T15:44:21","guid":{"rendered":"https:\/\/cartagenaaldia.com\/?p=3561"},"modified":"2023-07-19T15:44:21","modified_gmt":"2023-07-19T15:44:21","slug":"celebrar-el-20-de-julio-en-la-ciudad-sonada-la-heroica-cartagena","status":"publish","type":"post","link":"https:\/\/cartagenaaldia.com\/index.php\/2023\/07\/19\/celebrar-el-20-de-julio-en-la-ciudad-sonada-la-heroica-cartagena\/","title":{"rendered":"Celebrar el 20 de julio en la Ciudad So\u00f1ada la heroica Cartagena"},"content":{"rendered":"\n<h5 class=\"wp-block-heading\"><strong>El 20 de julio es una de las fechas m\u00e1s importantes en\u00a0 la historia de Colombia, pues a partir de \u00e9sta nuestro pa\u00eds empieza a pensar en un futuro lejos de la colonizaci\u00f3n espa\u00f1ola.<\/strong><\/h5>\n\n\n\n<p>Uno de los lugares m\u00e1s importantes es Cartagena, una ciudad llena de historia y tradiciones, donde esta celebraci\u00f3n adquiere un significado especial. Si tienes la suerte de estar en la Heroica durante esta \u00e9poca, te ofrecemos una lista de planes imperdibles para que disfrutes al m\u00e1ximo de la conmemoraci\u00f3n de la independencia.<\/p>\n\n\n\n<p><strong>Desfile del 20 de julio: <\/strong>Este quiz\u00e1 sea uno de los eventos m\u00e1s emblem\u00e1ticos en la ciudad. Durante este desfile, podr\u00e1s presenciar la participaci\u00f3n de diferentes instituciones educativas, bandas de m\u00fasica, grupos folcl\u00f3ricos y organizaciones civiles. El desfile recorre las calles principales de Cartagena y es una oportunidad \u00fanica para sumergirte en la cultura y la historia de la ciudad.<\/p>\n\n\n\n<p>En Serena del Mar, habr\u00e1 un desfile a las 9:00 am por la Zona del Gran Canal que incluir\u00e1 la participaci\u00f3n del Batall\u00f3n de Infanter\u00eda de Marina, grupo de danza folcl\u00f3rica de Tierra Baja, AMI Asistencia M\u00e9dica, Seguridad Superior, Comit\u00e9 Ambiental Verde Vivo de la Fundaci\u00f3n Serena del Mar y el Cuerpo de Bomberos de Cartagena, donde se espera que participen residentes de Serena del Mar y de toda la Zona Norte de la ciudad.<\/p>\n\n\n\n<p><strong>Visita al Centro Hist\u00f3rico:<\/strong> El Centro Hist\u00f3rico de Cartagena es un tesoro colonial declarado Patrimonio de la Humanidad por la UNESCO. Durante el 20 de julio, este lugar se llena de vida y color con decoraciones alusivas a la independencia.<\/p>\n\n\n\n<p>Pasea por las calles empedradas, admira las fachadas coloridas y visita los diferentes museos que narran la historia de Cartagena. No te olvides de probar las delicias gastron\u00f3micas t\u00edpicas de la regi\u00f3n que inundar\u00e1n las calles durante la jornada.<\/p>\n\n\n\n<p><strong>Actos culturales y conciertos:<\/strong> Durante la conmemoraci\u00f3n de la independencia, Cartagena se llena de actos culturales y conciertos al aire libre. Podr\u00e1s disfrutar de presentaciones de grupos de danzas folcl\u00f3ricas, m\u00fasica en vivo, teatro callejero y muchas otras expresiones art\u00edsticas.<\/p>\n\n\n\n<p><strong>Playas y actividades acu\u00e1ticas:<\/strong> No puedes visitar Cartagena sin disfrutar de sus hermosas playas y aguas cristalinas. Despu\u00e9s de las celebraciones del 20 de julio, date un merecido descanso en alguna de las playas cercanas, como Playa Blanca.<\/p>\n\n\n\n<p>La celebraci\u00f3n del 20 de julio en Cartagena es una oportunidad \u00fanica para sumergirte en la historia y la cultura de esta encantadora ciudad colombiana, por eso te invitamos a que disfrutes de estas festividades en Serena del Mar en el Km 08 V\u00eda al Mar.<\/p>\n\n\n\n<figure class=\"wp-block-image size-large\"><img fetchpriority=\"high\" decoding=\"async\" width=\"1024\" height=\"1024\" src=\"https:\/\/cartagenaaldia.com\/wp-content\/uploads\/2023\/07\/Celebrar-el-20-de-julio-en-la-Ciudad-Sonada-la-heroica-Cartagena-1-1024x1024.jpg\" alt=\"\" class=\"wp-image-3562\"\/><\/figure>\n","protected":false},"excerpt":{"rendered":"<p>El 20 de julio es una de las fechas m\u00e1s importantes en  la historia de Colombia, pues a partir de \u00e9sta nuestro pa\u00eds empieza a pensar en un futuro lejos de la colonizaci\u00f3n espa\u00f1ola. <\/p>\n","protected":false},"author":2,"featured_media":3563,"comment_status":"closed","ping_status":"closed","sticky":false,"template":"","format":"standard","meta":{"om_disable_all_campaigns":false,"_monsterinsights_skip_tracking":false,"_monsterinsights_sitenote_active":false,"_monsterinsights_sitenote_note":"","_monsterinsights_sitenote_category":0,"footnotes":""},"categories":[115,107,114,102,104],"tags":[256],"class_list":["post-3561","post","type-post","status-publish","format-standard","has-post-thumbnail","hentry","category-colombia","category-cultura","category-entretenimiento","category-generales","category-turismo","tag-serena-del-mar"],"_links":{"self":[{"href":"https:\/\/cartagenaaldia.com\/index.php\/wp-json\/wp\/v2\/posts\/3561","targetHints":{"allow":["GET"]}}],"collection":[{"href":"https:\/\/cartagenaaldia.com\/index.php\/wp-json\/wp\/v2\/posts"}],"about":[{"href":"https:\/\/cartagenaaldia.com\/index.php\/wp-json\/wp\/v2\/types\/post"}],"author":[{"embeddable":true,"href":"https:\/\/cartagenaaldia.com\/index.php\/wp-json\/wp\/v2\/users\/2"}],"replies":[{"embeddable":true,"href":"https:\/\/cartagenaaldia.com\/index.php\/wp-json\/wp\/v2\/comments?post=3561"}],"version-history":[{"count":1,"href":"https:\/\/cartagenaaldia.com\/index.php\/wp-json\/wp\/v2\/posts\/3561\/revisions"}],"predecessor-version":[{"id":3564,"href":"https:\/\/cartagenaaldia.com\/index.php\/wp-json\/wp\/v2\/posts\/3561\/revisions\/3564"}],"wp:featuredmedia":[{"embeddable":true,"href":"https:\/\/cartagenaaldia.com\/index.php\/wp-json\/wp\/v2\/media\/3563"}],"wp:attachment":[{"href":"https:\/\/cartagenaaldia.com\/index.php\/wp-json\/wp\/v2\/media?parent=3561"}],"wp:term":[{"taxonomy":"category","embeddable":true,"href":"https:\/\/cartagenaaldia.com\/index.php\/wp-json\/wp\/v2\/categories?post=3561"},{"taxonomy":"post_tag","embeddable":true,"href":"https:\/\/cartagenaaldia.com\/index.php\/wp-json\/wp\/v2\/tags?post=3561"}],"curies":[{"name":"wp","href":"https:\/\/api.w.org\/{rel}","templated":true}]}}